{"id":10618,"date":"2023-06-30T10:12:18","date_gmt":"2023-06-30T08:12:18","guid":{"rendered":"https:\/\/agora.xtec.cat\/ceipsab\/?p=10618"},"modified":"2023-06-30T10:12:18","modified_gmt":"2023-06-30T08:12:18","slug":"i3-microespais","status":"publish","type":"post","link":"https:\/\/agora.xtec.cat\/ceipsab\/educacio-infantil\/p3\/i3-microespais\/","title":{"rendered":"I3 MICROESPAIS"},"content":{"rendered":"<p>Durant la primera estona del mat\u00ed fem microespais, on podem trobar diferents propostes i materials per treballar conceptes matem\u00e0tics, l&#8217;escriptura, l&#8217;expressi\u00f3 art\u00edstica&#8230;<\/p>\n<p>Mireu totes les activitats que hem fet durant aquest \u00faltim trimestre.<\/p>\n<p><a href=\"https:\/\/photos.app.goo.gl\/AyrBWVm3uZUJUTsN6\"><img loading=\"lazy\" decoding=\"async\" class=\"alignnone wp-image-10619\" src=\"https:\/\/agora.xtec.cat\/ceipsab\/wp-content\/uploads\/usu1011\/2023\/06\/OK-MICROESPAIS-1024x686.jpg\" alt=\"\" width=\"331\" height=\"222\" srcset=\"https:\/\/agora.xtec.cat\/ceipsab\/wp-content\/uploads\/usu1011\/2023\/06\/OK-MICROESPAIS-1024x686.jpg 1024w, https:\/\/agora.xtec.cat\/ceipsab\/wp-content\/uploads\/usu1011\/2023\/06\/OK-MICROESPAIS-300x201.jpg 300w, https:\/\/agora.xtec.cat\/ceipsab\/wp-content\/uploads\/usu1011\/2023\/06\/OK-MICROESPAIS-768x515.jpg 768w, https:\/\/agora.xtec.cat\/ceipsab\/wp-content\/uploads\/usu1011\/2023\/06\/OK-MICROESPAIS-1536x1029.jpg 1536w, https:\/\/agora.xtec.cat\/ceipsab\/wp-content\/uploads\/usu1011\/2023\/06\/OK-MICROESPAIS-2048x1373.jpg 2048w\" sizes=\"auto, (max-width: 331px) 100vw, 331px\" \/><\/a><\/p>\n","protected":false},"excerpt":{"rendered":"<p>Durant la primera estona del mat\u00ed fem microespais, on podem trobar diferents propostes i materials per treballar conceptes matem\u00e0tics, l&#8217;escriptura, l&#8217;expressi\u00f3 art\u00edstica&#8230;<br \/>\nMireu totes les activitats que hem fet durant aquest \u00faltim trimestre.<br \/>\n<a href=\"https:\/\/photos.app.goo.gl\/AyrBWVm3uZUJUTsN6\"><\/a><\/p>\n","protected":false},"author":48,"featured_media":10619,"comment_status":"open","ping_status":"closed","sticky":false,"template":"","format":"standard","meta":{"_bbp_topic_count":0,"_bbp_reply_count":0,"_bbp_total_topic_count":0,"_bbp_total_reply_count":0,"_bbp_voice_count":0,"_bbp_anonymous_reply_count":0,"_bbp_topic_count_hidden":0,"_bbp_reply_count_hidden":0,"_bbp_forum_subforum_count":0,"footnotes":""},"categories":[62,3],"tags":[],"class_list":["post-10618","post","type-post","status-publish","format-standard","has-post-thumbnail","hentry","category-educacio-infantil","category-p3"],"post_mailing_queue_ids":[],"_links":{"self":[{"href":"https:\/\/agora.xtec.cat\/ceipsab\/wp-json\/wp\/v2\/posts\/10618","targetHints":{"allow":["GET"]}}],"collection":[{"href":"https:\/\/agora.xtec.cat\/ceipsab\/wp-json\/wp\/v2\/posts"}],"about":[{"href":"https:\/\/agora.xtec.cat\/ceipsab\/wp-json\/wp\/v2\/types\/post"}],"author":[{"embeddable":true,"href":"https:\/\/agora.xtec.cat\/ceipsab\/wp-json\/wp\/v2\/users\/48"}],"replies":[{"embeddable":true,"href":"https:\/\/agora.xtec.cat\/ceipsab\/wp-json\/wp\/v2\/comments?post=10618"}],"version-history":[{"count":2,"href":"https:\/\/agora.xtec.cat\/ceipsab\/wp-json\/wp\/v2\/posts\/10618\/revisions"}],"predecessor-version":[{"id":10638,"href":"https:\/\/agora.xtec.cat\/ceipsab\/wp-json\/wp\/v2\/posts\/10618\/revisions\/10638"}],"wp:featuredmedia":[{"embeddable":true,"href":"https:\/\/agora.xtec.cat\/ceipsab\/wp-json\/wp\/v2\/media\/10619"}],"wp:attachment":[{"href":"https:\/\/agora.xtec.cat\/ceipsab\/wp-json\/wp\/v2\/media?parent=10618"}],"wp:term":[{"taxonomy":"category","embeddable":true,"href":"https:\/\/agora.xtec.cat\/ceipsab\/wp-json\/wp\/v2\/categories?post=10618"},{"taxonomy":"post_tag","embeddable":true,"href":"https:\/\/agora.xtec.cat\/ceipsab\/wp-json\/wp\/v2\/tags?post=10618"}],"curies":[{"name":"wp","href":"https:\/\/api.w.org\/{rel}","templated":true}]}}