{"id":10604,"date":"2023-06-28T20:53:27","date_gmt":"2023-06-28T18:53:27","guid":{"rendered":"https:\/\/agora.xtec.cat\/ceipsab\/?p=10604"},"modified":"2023-06-28T20:53:27","modified_gmt":"2023-06-28T18:53:27","slug":"i5-contacontes-3r-trimestre","status":"publish","type":"post","link":"https:\/\/agora.xtec.cat\/ceipsab\/educacio-infantil\/p5\/i5-contacontes-3r-trimestre\/","title":{"rendered":"I5 Contacontes 3r trimestre"},"content":{"rendered":"<p>Hola fam\u00edlies!<\/p>\n<p>Durant tot el curs hem estat fent l&#8217;activitat del &#8220;Petit Contacontes&#8221;. Us deixem les imatges dels \u00faltims contes que els nostres companys han explicat! \u00c9s una activitat molt maca que ens ajuda a millorar l&#8217;expressi\u00f3 i el llenguatge oral!<\/p>\n<p>I5A<\/p>\n<p><a href=\"https:\/\/photos.app.goo.gl\/H51MJq9aGexrS9RC9\"><img loading=\"lazy\" decoding=\"async\" class=\"alignleft\" src=\"https:\/\/lh3.googleusercontent.com\/pw\/AJFCJaUFyiikgOEsV9-usc3_LGCPTeEH-cO8nbeLurw2OfmaT1Au_J8EJvoOwR5xZi9yWOFX1hNAshlPxfwipqsitC3fWNk0higGn2QpYkZBi6sfobAVZk0MZ2gGpZHUdLnRtdwnRj-jNDWfPNWZeHfMOKkn9dFgGGyEJRdqAsRq4-bsfI7eFAvvE9_ZfvNu-8wLK-Mom5CIo0vxwzl15yPXFz7ScyQ3HxZaxGv34MMv7Yt-DDaX7t_QboUQgjiW6PYElYyDkTqSNWrvqUv46CplkrOV2sPspMvTCXzlUZDLrcNOTUpJphStLb9nqPqa_TxNsrsEkDevVUEpp0R6aapgQ3n9AwJixB87rcNx4mVRUCie_45ZSq-xiJ5XLR4qwepVp8Sq5iielNkdYedS3WTZkaT2-VLBiHAeujKAOvAVplD8YwjHCMthpDm9B6LTdXBZRdBr1D9k3ZNIq91DPr5fqnB-shO5qF9A6x2Ja2-FduxEILpSgcX_WoZyRGJWcvKpl_S0G0JR9iOKiBPFERYg_8QbeFcWbjKOwZ7y0EZsiUckls2tEmo7bK65qwYvJCVBizufnBkPLbGXoXjsNB1Nnyivb3x_XtVidVh7HEwd3ZduYZC31lbKx9r9foPs7JM1u8TpWIjgxleHUKvXY_SSx0oGir2x5sVaHso1NUR9pPiDAM-rNT2tSh6RLl5PhKk2tskEjIple0sBb9Uk2_cRTEVYuTWMdFIr4W54QYaZ9zun9s5dE1HwjBt-ErORFOxc1HgbTK05QooSqlugCwAtVl-WHyAjRTQj9Khx7tdg7avZReaeB4Xtwctl0Mcc-UFzQIuG-vkLDh-be1Vzc1SLT9LvFttMnVqN5qcTn_NxiJCyW2rZdpLFCnclOGcaDK2wyWYh0hvYSCSgY1OdF62gg1Q=w1199-h899-s-no?authuser=0\" width=\"283\" height=\"212\" \/><\/a><\/p>\n<p>&nbsp;<\/p>\n<p>&nbsp;<\/p>\n<p>&nbsp;<\/p>\n<p>&nbsp;<\/p>\n<p>&nbsp;<\/p>\n<p>I5B<\/p>\n<p><a href=\"https:\/\/photos.app.goo.gl\/Jx35WG8bUgh5LwCj9\"><img loading=\"lazy\" decoding=\"async\" class=\"\" src=\"https:\/\/lh3.googleusercontent.com\/pw\/AJFCJaU3P5RqoeoCYiivoGpl7QMu8_c_tqxNiPe41awsoLYndQXnnz85e4GCQmRnlZ1tCDsFIN27GR5Ekag12xc8Vje1Yq2qHyiflis9DSJ7YsM_icPhEvR89xF7ocK_giglI2sI-zMV6gMtWVlMW46aCCP-tQ=w1199-h899-s-no?authuser=0\" width=\"279\" height=\"209\" \/><\/a><\/p>\n","protected":false},"excerpt":{"rendered":"<p>Hola fam\u00edlies!<br \/>\nDurant tot el curs hem estat fent l&#8217;activitat del &#8220;Petit Contacontes&#8221;. Us deixem les imatges dels \u00faltims contes que els nostres companys han explicat! \u00c9s una activitat molt maca que ens ajuda a millorar l&#8217;expressi\u00f3 i el llenguatge oral!<br \/>\nI5A<br \/>\n<a href=\"https:\/\/photos.app.goo.gl\/H51MJq9aGexrS9RC9\"><\/a><br \/>\n&nbsp;<br \/>\n&nbsp;<br \/>\n&nbsp;<br \/>\n&nbsp;<br \/>\n&nbsp;<br \/>\nI5B<br \/>\n<a href=\"https:\/\/photos.app.goo.gl\/Jx35WG8bUgh5LwCj9\"><\/a><\/p>\n","protected":false},"author":1,"featured_media":0,"comment_status":"open","ping_status":"closed","sticky":false,"template":"","format":"standard","meta":{"_bbp_topic_count":0,"_bbp_reply_count":0,"_bbp_total_topic_count":0,"_bbp_total_reply_count":0,"_bbp_voice_count":0,"_bbp_anonymous_reply_count":0,"_bbp_topic_count_hidden":0,"_bbp_reply_count_hidden":0,"_bbp_forum_subforum_count":0,"footnotes":""},"categories":[62,9],"tags":[],"class_list":["post-10604","post","type-post","status-publish","format-standard","hentry","category-educacio-infantil","category-p5"],"post_mailing_queue_ids":[],"_links":{"self":[{"href":"https:\/\/agora.xtec.cat\/ceipsab\/wp-json\/wp\/v2\/posts\/10604","targetHints":{"allow":["GET"]}}],"collection":[{"href":"https:\/\/agora.xtec.cat\/ceipsab\/wp-json\/wp\/v2\/posts"}],"about":[{"href":"https:\/\/agora.xtec.cat\/ceipsab\/wp-json\/wp\/v2\/types\/post"}],"author":[{"embeddable":true,"href":"https:\/\/agora.xtec.cat\/ceipsab\/wp-json\/wp\/v2\/users\/1"}],"replies":[{"embeddable":true,"href":"https:\/\/agora.xtec.cat\/ceipsab\/wp-json\/wp\/v2\/comments?post=10604"}],"version-history":[{"count":1,"href":"https:\/\/agora.xtec.cat\/ceipsab\/wp-json\/wp\/v2\/posts\/10604\/revisions"}],"predecessor-version":[{"id":10605,"href":"https:\/\/agora.xtec.cat\/ceipsab\/wp-json\/wp\/v2\/posts\/10604\/revisions\/10605"}],"wp:attachment":[{"href":"https:\/\/agora.xtec.cat\/ceipsab\/wp-json\/wp\/v2\/media?parent=10604"}],"wp:term":[{"taxonomy":"category","embeddable":true,"href":"https:\/\/agora.xtec.cat\/ceipsab\/wp-json\/wp\/v2\/categories?post=10604"},{"taxonomy":"post_tag","embeddable":true,"href":"https:\/\/agora.xtec.cat\/ceipsab\/wp-json\/wp\/v2\/tags?post=10604"}],"curies":[{"name":"wp","href":"https:\/\/api.w.org\/{rel}","templated":true}]}}