{"id":10600,"date":"2023-06-28T20:44:55","date_gmt":"2023-06-28T18:44:55","guid":{"rendered":"https:\/\/agora.xtec.cat\/ceipsab\/?p=10600"},"modified":"2023-06-28T20:44:55","modified_gmt":"2023-06-28T18:44:55","slug":"i5-microespais-3r-trimestre","status":"publish","type":"post","link":"https:\/\/agora.xtec.cat\/ceipsab\/educacio-infantil\/p5\/i5-microespais-3r-trimestre\/","title":{"rendered":"I5 Microespais 3r Trimestre"},"content":{"rendered":"<p>Hola fam\u00edlies!<\/p>\n<p>Els nens i nenes d&#8217;I5 hem continuat fent microespais aques \u00faltim trimestre a l&#8217;escola.<\/p>\n<p>Com ja sabeu, \u00e9s una activitat que ens agrada molt i ens ajuda a entrar m\u00e9s tranquils a l&#8217;aula. A m\u00e9s a m\u00e9s aprenem molt\u00edssimes coses tot jugant!<\/p>\n<p>Ens voleu veure?<\/p>\n<p>I5A<\/p>\n<p><a href=\"https:\/\/photos.app.goo.gl\/3u8JpZ81frq1ibL98\"><img loading=\"lazy\" decoding=\"async\" class=\"\" src=\"https:\/\/lh3.googleusercontent.com\/pw\/AJFCJaVp3T_Y35u9q7DNuNBQrZ95n3lTggl5kqF0pZziQmT5r2S1ov3vMFqvgXQrP323_zDs_vHOscgUPh6RNAq4VSHPq01Q7dLd_lcVnEwbctvb2t_XEXCk9ZszUytXbcSpIRX6ip17pJCurLLwSjNhrLv-7emiRNPt8rz0yRzhjX5CtnKcCu1DOcE-8e5dg0a-EX9WQbEOCy8GvURSaRzoROavnPpRMFLYAUNDPCoXIePeH45TJbPSyLWJTu28x9GRpL7Scm7ANh2M-lLQzi2kd0ePL_jTkmEDPmSDiiS6bqtfdFkLaPPdQ9-CHlx_bSbX1QnUl5MorHakRMzgn0XiGnhNyCg5mbq_sl9JITRQJqFIBX-tAhbkciX92K0v-CvEM7EFwvuVZTlGOlKQz8aQ0EsJlETSPfsumWVO2qzpUprFHJ5xFhrO1q37RDRkdCufCyYkCQt3zqT48GqgmTfAnLxfT3KHRMkQ3O4xOLCIo5vXwGYa19MREocAXKaldYOaW-Dw8DZkZqi8rJxKMC1COFCCw1t-U5zEQRrEfOJ9bnkarLyjmP218HPdSOpCVWsWZS7rnxS9jYGKl-XUePmr4kVe2LixLDEJxt7lxELWvAduvNXNvgJgQUC6xUtkCgH04VHHQDxMp9EnX_V66p3UY32HwlaaLNy_vH31aV0bTTdtH_4PElb90RXPu4Y6UV10aCyhy88-KLZKcEiaOQ7LB09ULSUr91Geo2ifdNFM8s9z1jN-W3rUenMFnCN3ssLTfKtwweMiq_knMzxtUuDPcsW2OofKNOiwjqwqrO5X87_Cx-9dPudgwLSgG12G-B14LQ9jUDY2EpLnITxCOrLD20CX7qwi65VDwhhfgrgf_9VaytIqMmyOX9XgIrZFWvPKT3UCxtGfM2zL5wwXeip3Dw=w1199-h899-s-no?authuser=0\" width=\"302\" height=\"226\" \/><\/a><\/p>\n<p>I5B<\/p>\n<p><a href=\"https:\/\/photos.app.goo.gl\/DG7BEjxJzECnz6P58\"><img loading=\"lazy\" decoding=\"async\" class=\"\" src=\"https:\/\/lh3.googleusercontent.com\/pw\/AJFCJaVP6pwhnsF3t_5v1BMt5OQTG9hMMtYCoius5iJ3v0_ugOjHvxieeMMF5GxKMLPYPk3Ns-JqA5PLYHG9jS6Rhda8OR_Aq_aKEUcFX7Ayuac53SgOPXfNhZPBxvGLzfNWPxkNp_huR26ZTQsCtK9rKKjA6IRnScs6Ld4qD3E6v5aGQ9CDXLQbV49t_zgROQ5twVzCH-Sv2irPnGrQoVCQEZJOnTyQlY_JXm2OiZegZ3pItbJAS5WjLyr3GMtee8TUQkEq9eYX2POY7JHnVwJHs_CxHMvpQOz2-OgSn8dDk-SWzlRFLKsPhO03g2a9AnX6aKOwQ3qqEJItuWTmcLqRKjcrDBv_tnNNmXQtRk0w7yNFoe-U3Q2gWjQo2OppMLMVVaMEEbSzqLvo2M3IFpVLkpPC_lDqzChtEJ-qAxCOubPt9IWEepdQvQVVRPNJ37byoAa7SJdKaKbXJ0HIG4qFrdwDjPT5YFR5rHa9Tz-mcdKAxNEmiT8WXa7tEee5iJiX5kuRYotrkyYDMqgKi7GKMmWu6ftQShFfXRjW_jE5Wj9MuRHhgf1IcDHk5__Gw5bY0K3oI_EfkAO-74RoGRkwf581x72kef1u_qqcXlDNtcfPHRQUQ5N1A68yW-QhBUmVV2ZfFpwHMnc1qQkljPsCogfA42MujR3mDK1pW4vmH4jsZn99QgWJpPi9O9751gCP8oq_LlXPmB5i5UPV-pvNHEVZxj4Yk1rHjCT9TG0mT58nT_cBc7syge8rhf-l_8xDzepKVOVsOeeGAmLUQ1SWhenkxFoIPDEA3fXMCZEqpZ2iYNriCZo2IhXBTUyFYRPLVDW7bnzeeTsiSc6I3uRXY9EEXOLXJQCMNR8UuKlL-T6nrUvCNVOeC8yW7Ix1VYjpRR2CRbX00NUNEgaKVbuwgg=w1199-h899-s-no?authuser=0\" width=\"300\" height=\"225\" \/><\/a><\/p>\n","protected":false},"excerpt":{"rendered":"<p>Hola fam\u00edlies!<br \/>\nEls nens i nenes d&#8217;I5 hem continuat fent microespais aques \u00faltim trimestre a l&#8217;escola.<br \/>\nCom ja sabeu, \u00e9s una activitat que ens agrada molt i ens ajuda a entrar m\u00e9s tranquils a l&#8217;aula. A m\u00e9s a m\u00e9s aprenem molt\u00edssimes coses tot jugant!<br \/>\nEns voleu veure?<br \/>\nI5A<br \/>\n<a href=\"https:\/\/photos.app.goo.gl\/3u8JpZ81frq1ibL98\"><\/a><br \/>\nI5B<br \/>\n<a&hellip;  <a href=\"https:\/\/agora.xtec.cat\/ceipsab\/educacio-infantil\/p5\/i5-microespais-3r-trimestre\/\" title=\"Read I5 Microespais 3r Trimestre\">Llegeix m\u00e9s\u00bb<\/a><\/p>\n","protected":false},"author":1,"featured_media":0,"comment_status":"open","ping_status":"closed","sticky":false,"template":"","format":"standard","meta":{"_bbp_topic_count":0,"_bbp_reply_count":0,"_bbp_total_topic_count":0,"_bbp_total_reply_count":0,"_bbp_voice_count":0,"_bbp_anonymous_reply_count":0,"_bbp_topic_count_hidden":0,"_bbp_reply_count_hidden":0,"_bbp_forum_subforum_count":0,"footnotes":""},"categories":[62,9],"tags":[],"class_list":["post-10600","post","type-post","status-publish","format-standard","hentry","category-educacio-infantil","category-p5"],"post_mailing_queue_ids":[],"_links":{"self":[{"href":"https:\/\/agora.xtec.cat\/ceipsab\/wp-json\/wp\/v2\/posts\/10600","targetHints":{"allow":["GET"]}}],"collection":[{"href":"https:\/\/agora.xtec.cat\/ceipsab\/wp-json\/wp\/v2\/posts"}],"about":[{"href":"https:\/\/agora.xtec.cat\/ceipsab\/wp-json\/wp\/v2\/types\/post"}],"author":[{"embeddable":true,"href":"https:\/\/agora.xtec.cat\/ceipsab\/wp-json\/wp\/v2\/users\/1"}],"replies":[{"embeddable":true,"href":"https:\/\/agora.xtec.cat\/ceipsab\/wp-json\/wp\/v2\/comments?post=10600"}],"version-history":[{"count":1,"href":"https:\/\/agora.xtec.cat\/ceipsab\/wp-json\/wp\/v2\/posts\/10600\/revisions"}],"predecessor-version":[{"id":10601,"href":"https:\/\/agora.xtec.cat\/ceipsab\/wp-json\/wp\/v2\/posts\/10600\/revisions\/10601"}],"wp:attachment":[{"href":"https:\/\/agora.xtec.cat\/ceipsab\/wp-json\/wp\/v2\/media?parent=10600"}],"wp:term":[{"taxonomy":"category","embeddable":true,"href":"https:\/\/agora.xtec.cat\/ceipsab\/wp-json\/wp\/v2\/categories?post=10600"},{"taxonomy":"post_tag","embeddable":true,"href":"https:\/\/agora.xtec.cat\/ceipsab\/wp-json\/wp\/v2\/tags?post=10600"}],"curies":[{"name":"wp","href":"https:\/\/api.w.org\/{rel}","templated":true}]}}