{"id":10598,"date":"2023-06-23T14:00:55","date_gmt":"2023-06-23T12:00:55","guid":{"rendered":"https:\/\/agora.xtec.cat\/ceipsab\/?p=10598"},"modified":"2023-06-23T13:03:21","modified_gmt":"2023-06-23T11:03:21","slug":"4t-marxa-a-la-mola","status":"publish","type":"post","link":"https:\/\/agora.xtec.cat\/ceipsab\/primaria\/cicle-mitja\/4t\/4t-marxa-a-la-mola\/","title":{"rendered":"4t marxa a la Mola"},"content":{"rendered":"<p>El passat 31 de maig vam fer una de les sortides m\u00e9s esperades: visitar els Gorgs de la Mola. Per poder arribar-hi, vam fer la ruta caminant a trav\u00e9s del riu. Vam poder gaudir molt nedant a les basses d\u2019aigua all\u00e0 formades. Aix\u00f2 s\u00ed, l\u2019aigua estava ben fresqueta!<\/p>\n<p>Podeu veure les fotos clicant a la seg\u00fcent imatge!<\/p>\n<p><a href=\"https:\/\/photos.app.goo.gl\/Tu39qRcW83aQW95ZA\"><img loading=\"lazy\" decoding=\"async\" class=\"\" src=\"https:\/\/www.viajarlocuratodo.com\/wp-content\/uploads\/2020\/02\/gorg-de-la-mola.jpg\" alt=\"Excursi\u00f3n al Gorg de la Mola - Viajar Lo Cura Todo\" width=\"455\" height=\"341\" \/><\/a><\/p>\n","protected":false},"excerpt":{"rendered":"<p>El passat 31 de maig vam fer una de les sortides m\u00e9s esperades: visitar els Gorgs de la Mola. Per poder arribar-hi, vam fer la ruta caminant a trav\u00e9s del riu. Vam poder gaudir molt nedant a les basses d\u2019aigua all\u00e0 formades. Aix\u00f2 s\u00ed, l\u2019aigua&hellip;  <a href=\"https:\/\/agora.xtec.cat\/ceipsab\/primaria\/cicle-mitja\/4t\/4t-marxa-a-la-mola\/\" title=\"Read 4t marxa a la Mola\">Llegeix m\u00e9s\u00bb<\/a><\/p>\n","protected":false},"author":1,"featured_media":0,"comment_status":"open","ping_status":"closed","sticky":false,"template":"","format":"standard","meta":{"_bbp_topic_count":0,"_bbp_reply_count":0,"_bbp_total_topic_count":0,"_bbp_total_reply_count":0,"_bbp_voice_count":0,"_bbp_anonymous_reply_count":0,"_bbp_topic_count_hidden":0,"_bbp_reply_count_hidden":0,"_bbp_forum_subforum_count":0,"footnotes":""},"categories":[13,64,66],"tags":[],"class_list":["post-10598","post","type-post","status-publish","format-standard","hentry","category-4t","category-cicle-mitja","category-educacio-fisica"],"post_mailing_queue_ids":[],"_links":{"self":[{"href":"https:\/\/agora.xtec.cat\/ceipsab\/wp-json\/wp\/v2\/posts\/10598","targetHints":{"allow":["GET"]}}],"collection":[{"href":"https:\/\/agora.xtec.cat\/ceipsab\/wp-json\/wp\/v2\/posts"}],"about":[{"href":"https:\/\/agora.xtec.cat\/ceipsab\/wp-json\/wp\/v2\/types\/post"}],"author":[{"embeddable":true,"href":"https:\/\/agora.xtec.cat\/ceipsab\/wp-json\/wp\/v2\/users\/1"}],"replies":[{"embeddable":true,"href":"https:\/\/agora.xtec.cat\/ceipsab\/wp-json\/wp\/v2\/comments?post=10598"}],"version-history":[{"count":1,"href":"https:\/\/agora.xtec.cat\/ceipsab\/wp-json\/wp\/v2\/posts\/10598\/revisions"}],"predecessor-version":[{"id":10599,"href":"https:\/\/agora.xtec.cat\/ceipsab\/wp-json\/wp\/v2\/posts\/10598\/revisions\/10599"}],"wp:attachment":[{"href":"https:\/\/agora.xtec.cat\/ceipsab\/wp-json\/wp\/v2\/media?parent=10598"}],"wp:term":[{"taxonomy":"category","embeddable":true,"href":"https:\/\/agora.xtec.cat\/ceipsab\/wp-json\/wp\/v2\/categories?post=10598"},{"taxonomy":"post_tag","embeddable":true,"href":"https:\/\/agora.xtec.cat\/ceipsab\/wp-json\/wp\/v2\/tags?post=10598"}],"curies":[{"name":"wp","href":"https:\/\/api.w.org\/{rel}","templated":true}]}}