{"id":10570,"date":"2023-06-23T00:13:03","date_gmt":"2023-06-22T22:13:03","guid":{"rendered":"https:\/\/agora.xtec.cat\/ceipsab\/?p=10570"},"modified":"2023-06-23T00:13:03","modified_gmt":"2023-06-22T22:13:03","slug":"cucs-de-seda-3","status":"publish","type":"post","link":"https:\/\/agora.xtec.cat\/ceipsab\/educacio-infantil\/p4\/cucs-de-seda-3\/","title":{"rendered":"CUCS DE SEDA"},"content":{"rendered":"<p><span style=\"font-weight: 400\">Amb l\u2019arribada de la primera i un conte ben especial, ens hem interessat pels cucs de seda. Hem observat tota la seva evoluci\u00f3 des de la sortida dels ous fins a la transformaci\u00f3 en papallona. \u00c9s meravell\u00f3s que no ens deixa de sorprendre&#8217;ns.<\/span><\/p>\n<p><a href=\"https:\/\/photos.app.goo.gl\/rvtV6FDJrKTsXV1w9\"><img loading=\"lazy\" decoding=\"async\" class=\"alignnone wp-image-10571\" src=\"https:\/\/agora.xtec.cat\/ceipsab\/wp-content\/uploads\/usu1011\/2023\/06\/Captura-de-pantalla-2023-06-22-232227-1024x712.jpg\" alt=\"\" width=\"259\" height=\"180\" srcset=\"https:\/\/agora.xtec.cat\/ceipsab\/wp-content\/uploads\/usu1011\/2023\/06\/Captura-de-pantalla-2023-06-22-232227-1024x712.jpg 1024w, https:\/\/agora.xtec.cat\/ceipsab\/wp-content\/uploads\/usu1011\/2023\/06\/Captura-de-pantalla-2023-06-22-232227-300x209.jpg 300w, https:\/\/agora.xtec.cat\/ceipsab\/wp-content\/uploads\/usu1011\/2023\/06\/Captura-de-pantalla-2023-06-22-232227-768x534.jpg 768w, https:\/\/agora.xtec.cat\/ceipsab\/wp-content\/uploads\/usu1011\/2023\/06\/Captura-de-pantalla-2023-06-22-232227.jpg 1209w\" sizes=\"auto, (max-width: 259px) 100vw, 259px\" \/><\/a><\/p>\n","protected":false},"excerpt":{"rendered":"<p>Amb l\u2019arribada de la primera i un conte ben especial, ens hem interessat pels cucs de seda. Hem observat tota la seva evoluci\u00f3 des de la sortida dels ous fins a la transformaci\u00f3 en papallona. \u00c9s meravell\u00f3s que no ens deixa de sorprendre&#8217;ns.<br \/>\n<a href=\"https:\/\/photos.app.goo.gl\/rvtV6FDJrKTsXV1w9\"><\/a><\/p>\n","protected":false},"author":25,"featured_media":10571,"comment_status":"open","ping_status":"closed","sticky":false,"template":"","format":"standard","meta":{"_bbp_topic_count":0,"_bbp_reply_count":0,"_bbp_total_topic_count":0,"_bbp_total_reply_count":0,"_bbp_voice_count":0,"_bbp_anonymous_reply_count":0,"_bbp_topic_count_hidden":0,"_bbp_reply_count_hidden":0,"_bbp_forum_subforum_count":0,"footnotes":""},"categories":[62,8],"tags":[],"class_list":["post-10570","post","type-post","status-publish","format-standard","has-post-thumbnail","hentry","category-educacio-infantil","category-p4"],"post_mailing_queue_ids":[],"_links":{"self":[{"href":"https:\/\/agora.xtec.cat\/ceipsab\/wp-json\/wp\/v2\/posts\/10570","targetHints":{"allow":["GET"]}}],"collection":[{"href":"https:\/\/agora.xtec.cat\/ceipsab\/wp-json\/wp\/v2\/posts"}],"about":[{"href":"https:\/\/agora.xtec.cat\/ceipsab\/wp-json\/wp\/v2\/types\/post"}],"author":[{"embeddable":true,"href":"https:\/\/agora.xtec.cat\/ceipsab\/wp-json\/wp\/v2\/users\/25"}],"replies":[{"embeddable":true,"href":"https:\/\/agora.xtec.cat\/ceipsab\/wp-json\/wp\/v2\/comments?post=10570"}],"version-history":[{"count":3,"href":"https:\/\/agora.xtec.cat\/ceipsab\/wp-json\/wp\/v2\/posts\/10570\/revisions"}],"predecessor-version":[{"id":10593,"href":"https:\/\/agora.xtec.cat\/ceipsab\/wp-json\/wp\/v2\/posts\/10570\/revisions\/10593"}],"wp:featuredmedia":[{"embeddable":true,"href":"https:\/\/agora.xtec.cat\/ceipsab\/wp-json\/wp\/v2\/media\/10571"}],"wp:attachment":[{"href":"https:\/\/agora.xtec.cat\/ceipsab\/wp-json\/wp\/v2\/media?parent=10570"}],"wp:term":[{"taxonomy":"category","embeddable":true,"href":"https:\/\/agora.xtec.cat\/ceipsab\/wp-json\/wp\/v2\/categories?post=10570"},{"taxonomy":"post_tag","embeddable":true,"href":"https:\/\/agora.xtec.cat\/ceipsab\/wp-json\/wp\/v2\/tags?post=10570"}],"curies":[{"name":"wp","href":"https:\/\/api.w.org\/{rel}","templated":true}]}}