{"id":10563,"date":"2023-06-23T00:10:50","date_gmt":"2023-06-22T22:10:50","guid":{"rendered":"https:\/\/agora.xtec.cat\/ceipsab\/?p=10563"},"modified":"2023-06-23T00:10:50","modified_gmt":"2023-06-22T22:10:50","slug":"visita-a-laula-multisensorial-i4","status":"publish","type":"post","link":"https:\/\/agora.xtec.cat\/ceipsab\/educacio-infantil\/p4\/visita-a-laula-multisensorial-i4\/","title":{"rendered":"VISITA A L&#8217;AULA MULTISENSORIAL I4"},"content":{"rendered":"<p>Alguns dies en grups molt redu\u00efts, hem gaudit de l&#8217;aula multisensorial de l&#8217;escola. Una aula ben especial per descobrir a trav\u00e9s dels sentits. Ha sigut una experi\u00e8ncia m\u00e0gica i sempre ens qued\u00e0vem amb ganes de quedar-nos una estoneta m\u00e9s.<\/p>\n<p><a href=\"https:\/\/photos.app.goo.gl\/ASEbPE1GLbsa3E3s8\"><img loading=\"lazy\" decoding=\"async\" class=\"alignnone size-medium wp-image-10564\" src=\"https:\/\/agora.xtec.cat\/ceipsab\/wp-content\/uploads\/usu1011\/2023\/06\/Captura-de-pantalla-2023-06-22-214424-300x137.jpg\" alt=\"\" width=\"300\" height=\"137\" srcset=\"https:\/\/agora.xtec.cat\/ceipsab\/wp-content\/uploads\/usu1011\/2023\/06\/Captura-de-pantalla-2023-06-22-214424-300x137.jpg 300w, https:\/\/agora.xtec.cat\/ceipsab\/wp-content\/uploads\/usu1011\/2023\/06\/Captura-de-pantalla-2023-06-22-214424-768x351.jpg 768w, https:\/\/agora.xtec.cat\/ceipsab\/wp-content\/uploads\/usu1011\/2023\/06\/Captura-de-pantalla-2023-06-22-214424.jpg 933w\" sizes=\"auto, (max-width: 300px) 100vw, 300px\" \/><\/a><\/p>\n","protected":false},"excerpt":{"rendered":"<p>Alguns dies en grups molt redu\u00efts, hem gaudit de l&#8217;aula multisensorial de l&#8217;escola. Una aula ben especial per descobrir a trav\u00e9s dels sentits. Ha sigut una experi\u00e8ncia m\u00e0gica i sempre ens qued\u00e0vem amb ganes de quedar-nos una estoneta m\u00e9s.<br \/>\n<a href=\"https:\/\/photos.app.goo.gl\/ASEbPE1GLbsa3E3s8\"><\/a><\/p>\n","protected":false},"author":7,"featured_media":10564,"comment_status":"open","ping_status":"closed","sticky":false,"template":"","format":"standard","meta":{"_bbp_topic_count":0,"_bbp_reply_count":0,"_bbp_total_topic_count":0,"_bbp_total_reply_count":0,"_bbp_voice_count":0,"_bbp_anonymous_reply_count":0,"_bbp_topic_count_hidden":0,"_bbp_reply_count_hidden":0,"_bbp_forum_subforum_count":0,"footnotes":""},"categories":[62,8],"tags":[],"class_list":["post-10563","post","type-post","status-publish","format-standard","has-post-thumbnail","hentry","category-educacio-infantil","category-p4"],"post_mailing_queue_ids":[],"_links":{"self":[{"href":"https:\/\/agora.xtec.cat\/ceipsab\/wp-json\/wp\/v2\/posts\/10563","targetHints":{"allow":["GET"]}}],"collection":[{"href":"https:\/\/agora.xtec.cat\/ceipsab\/wp-json\/wp\/v2\/posts"}],"about":[{"href":"https:\/\/agora.xtec.cat\/ceipsab\/wp-json\/wp\/v2\/types\/post"}],"author":[{"embeddable":true,"href":"https:\/\/agora.xtec.cat\/ceipsab\/wp-json\/wp\/v2\/users\/7"}],"replies":[{"embeddable":true,"href":"https:\/\/agora.xtec.cat\/ceipsab\/wp-json\/wp\/v2\/comments?post=10563"}],"version-history":[{"count":3,"href":"https:\/\/agora.xtec.cat\/ceipsab\/wp-json\/wp\/v2\/posts\/10563\/revisions"}],"predecessor-version":[{"id":10590,"href":"https:\/\/agora.xtec.cat\/ceipsab\/wp-json\/wp\/v2\/posts\/10563\/revisions\/10590"}],"wp:featuredmedia":[{"embeddable":true,"href":"https:\/\/agora.xtec.cat\/ceipsab\/wp-json\/wp\/v2\/media\/10564"}],"wp:attachment":[{"href":"https:\/\/agora.xtec.cat\/ceipsab\/wp-json\/wp\/v2\/media?parent=10563"}],"wp:term":[{"taxonomy":"category","embeddable":true,"href":"https:\/\/agora.xtec.cat\/ceipsab\/wp-json\/wp\/v2\/categories?post=10563"},{"taxonomy":"post_tag","embeddable":true,"href":"https:\/\/agora.xtec.cat\/ceipsab\/wp-json\/wp\/v2\/tags?post=10563"}],"curies":[{"name":"wp","href":"https:\/\/api.w.org\/{rel}","templated":true}]}}