{"id":10549,"date":"2023-06-22T20:38:00","date_gmt":"2023-06-22T18:38:00","guid":{"rendered":"https:\/\/agora.xtec.cat\/ceipsab\/?p=10549"},"modified":"2023-06-22T23:47:43","modified_gmt":"2023-06-22T21:47:43","slug":"el-i-la-petit-a-contacontes-3rtrim-i4","status":"publish","type":"post","link":"https:\/\/agora.xtec.cat\/ceipsab\/educacio-infantil\/p5\/general\/el-i-la-petit-a-contacontes-3rtrim-i4\/","title":{"rendered":"EL I LA PETIT\/A CONTACONTES 3rTRIM I4"},"content":{"rendered":"<p>EL I LA PETIT\/A CONTACONTES\u00a0<span class=\"hiddenSpellError\" style=\"padding-bottom: 2px; background-image: url('..\/..\/..\/..\/..\/images\/squiggle_red.png'); background-repeat: repeat-x; background-position: left bottom; cursor: default; color: #000000; font-family: 'Open Sans', Helvetica, Arial, sans-serif; font-size: 16px; font-style: normal; font-variant-ligatures: normal; font-variant-caps: normal; font-weight: 300; letter-spacing: normal; orphans: 2; text-align: start; text-indent: 0px; text-transform: none; widows: 2; word-spacing: 0px; -webkit-text-stroke-width: 0px; white-space: normal; text-decoration-thickness: initial; text-decoration-style: initial; text-decoration-color: initial;\">3rTRIM<\/span>\u00a0I4<br \/>\nAquest \u00faltim trimestre tamb\u00e9 hem gaudit del petit i la petita contacontes. A m\u00e9s alguns infants m\u00e9s grans ens han visitat per explicar-nos algun conte. Ens encanta escoltar hist\u00f2ries!<\/p>\n<p><a href=\"https:\/\/photos.app.goo.gl\/TaahNC7WFxPZEUEw5\"><img loading=\"lazy\" decoding=\"async\" class=\"alignnone size-full wp-image-10161\" src=\"https:\/\/agora.xtec.cat\/ceipsab\/wp-content\/uploads\/usu1011\/2023\/03\/I4A-1.jpg\" alt=\"\" width=\"130\" height=\"129\" \/><\/a><\/p>\n<p><a href=\"https:\/\/photos.app.goo.gl\/rpDeRtBfMgNrWu239\"><img loading=\"lazy\" decoding=\"async\" class=\"alignnone size-full wp-image-10162\" src=\"https:\/\/agora.xtec.cat\/ceipsab\/wp-content\/uploads\/usu1011\/2023\/03\/I4B-1.jpg\" alt=\"\" width=\"127\" height=\"123\" \/><\/a><\/p>\n<p>&nbsp;<\/p>\n","protected":false},"excerpt":{"rendered":"<p>EL I LA PETIT\/A CONTACONTES\u00a03rTRIM\u00a0I4<br \/>\nAquest \u00faltim trimestre tamb\u00e9 hem gaudit del petit i la petita contacontes. A m\u00e9s alguns infants m\u00e9s grans ens han visitat per explicar-nos algun conte. Ens encanta escoltar hist\u00f2ries!<br \/>\n<a href=\"https:\/\/photos.app.goo.gl\/TaahNC7WFxPZEUEw5\"><\/a><br \/>\n<a href=\"https:\/\/photos.app.goo.gl\/rpDeRtBfMgNrWu239\"><\/a><br \/>\n&nbsp;<\/p>\n","protected":false},"author":7,"featured_media":9651,"comment_status":"open","ping_status":"closed","sticky":false,"template":"","format":"standard","meta":{"_bbp_topic_count":0,"_bbp_reply_count":0,"_bbp_total_topic_count":0,"_bbp_total_reply_count":0,"_bbp_voice_count":0,"_bbp_anonymous_reply_count":0,"_bbp_topic_count_hidden":0,"_bbp_reply_count_hidden":0,"_bbp_forum_subforum_count":0,"footnotes":""},"categories":[62,1,8],"tags":[],"class_list":["post-10549","post","type-post","status-publish","format-standard","has-post-thumbnail","hentry","category-educacio-infantil","category-general","category-p4"],"post_mailing_queue_ids":[],"_links":{"self":[{"href":"https:\/\/agora.xtec.cat\/ceipsab\/wp-json\/wp\/v2\/posts\/10549","targetHints":{"allow":["GET"]}}],"collection":[{"href":"https:\/\/agora.xtec.cat\/ceipsab\/wp-json\/wp\/v2\/posts"}],"about":[{"href":"https:\/\/agora.xtec.cat\/ceipsab\/wp-json\/wp\/v2\/types\/post"}],"author":[{"embeddable":true,"href":"https:\/\/agora.xtec.cat\/ceipsab\/wp-json\/wp\/v2\/users\/7"}],"replies":[{"embeddable":true,"href":"https:\/\/agora.xtec.cat\/ceipsab\/wp-json\/wp\/v2\/comments?post=10549"}],"version-history":[{"count":1,"href":"https:\/\/agora.xtec.cat\/ceipsab\/wp-json\/wp\/v2\/posts\/10549\/revisions"}],"predecessor-version":[{"id":10550,"href":"https:\/\/agora.xtec.cat\/ceipsab\/wp-json\/wp\/v2\/posts\/10549\/revisions\/10550"}],"wp:featuredmedia":[{"embeddable":true,"href":"https:\/\/agora.xtec.cat\/ceipsab\/wp-json\/wp\/v2\/media\/9651"}],"wp:attachment":[{"href":"https:\/\/agora.xtec.cat\/ceipsab\/wp-json\/wp\/v2\/media?parent=10549"}],"wp:term":[{"taxonomy":"category","embeddable":true,"href":"https:\/\/agora.xtec.cat\/ceipsab\/wp-json\/wp\/v2\/categories?post=10549"},{"taxonomy":"post_tag","embeddable":true,"href":"https:\/\/agora.xtec.cat\/ceipsab\/wp-json\/wp\/v2\/tags?post=10549"}],"curies":[{"name":"wp","href":"https:\/\/api.w.org\/{rel}","templated":true}]}}