{"id":10472,"date":"2023-05-22T15:39:28","date_gmt":"2023-05-22T13:39:28","guid":{"rendered":"https:\/\/agora.xtec.cat\/ceipsab\/?p=10472"},"modified":"2023-05-22T15:39:28","modified_gmt":"2023-05-22T13:39:28","slug":"i3-sortida-lab-0-6","status":"publish","type":"post","link":"https:\/\/agora.xtec.cat\/ceipsab\/educacio-infantil\/p3\/i3-sortida-lab-0-6\/","title":{"rendered":"I3 SORTIDA LAB 0-6"},"content":{"rendered":"<p><span style=\"font-weight: 400\">Hola fam\u00edlies<\/span><\/p>\n<p><span style=\"font-weight: 400\">El passat dijous vam anar d\u2019excursi\u00f3 al Lab 0-6 de Manresa, vam passar un dia fant\u00e0stic dedicat a la ci\u00e8ncia.<\/span><\/p>\n<p><span style=\"font-weight: 400\">A trav\u00e9s de diferents propostes i a partir de la manipulaci\u00f3 de materials diversos, a la sala d\u2019exploraci\u00f3 del Lab vam descobrir idees cient\u00edfiques molt interessants.\u00a0<\/span><\/p>\n<p><span style=\"font-weight: 400\">Tamb\u00e9 ens van proposar un repte: tenyir aigua de colors a partir d\u2019elements naturals com fruites i verdures, i ho vam aconseguir.\u00a0\u00a0<\/span><\/p>\n<p><span style=\"font-weight: 400\">Ens voleu veure?<\/span><\/p>\n<p>I3 A<\/p>\n<p><a href=\"https:\/\/photos.app.goo.gl\/wvS9MvnVut8WQKfSA\"><img loading=\"lazy\" decoding=\"async\" class=\"alignnone wp-image-10474\" src=\"https:\/\/agora.xtec.cat\/ceipsab\/wp-content\/uploads\/usu1011\/2023\/05\/I3A-961x1024.jpg\" alt=\"\" width=\"283\" height=\"302\" srcset=\"https:\/\/agora.xtec.cat\/ceipsab\/wp-content\/uploads\/usu1011\/2023\/05\/I3A-961x1024.jpg 961w, https:\/\/agora.xtec.cat\/ceipsab\/wp-content\/uploads\/usu1011\/2023\/05\/I3A-282x300.jpg 282w, https:\/\/agora.xtec.cat\/ceipsab\/wp-content\/uploads\/usu1011\/2023\/05\/I3A-768x818.jpg 768w, https:\/\/agora.xtec.cat\/ceipsab\/wp-content\/uploads\/usu1011\/2023\/05\/I3A-1442x1536.jpg 1442w, https:\/\/agora.xtec.cat\/ceipsab\/wp-content\/uploads\/usu1011\/2023\/05\/I3A-1923x2048.jpg 1923w\" sizes=\"auto, (max-width: 283px) 100vw, 283px\" \/><\/a><\/p>\n<p>&nbsp;<\/p>\n<p>I3 B<\/p>\n<p><a href=\"https:\/\/photos.app.goo.gl\/JTZqpcSvhRSSJe5x8\"><img loading=\"lazy\" decoding=\"async\" class=\"alignnone wp-image-10475\" src=\"https:\/\/agora.xtec.cat\/ceipsab\/wp-content\/uploads\/usu1011\/2023\/05\/1-I3-B-1024x853.jpg\" alt=\"\" width=\"298\" height=\"248\" srcset=\"https:\/\/agora.xtec.cat\/ceipsab\/wp-content\/uploads\/usu1011\/2023\/05\/1-I3-B-1024x853.jpg 1024w, https:\/\/agora.xtec.cat\/ceipsab\/wp-content\/uploads\/usu1011\/2023\/05\/1-I3-B-300x250.jpg 300w, https:\/\/agora.xtec.cat\/ceipsab\/wp-content\/uploads\/usu1011\/2023\/05\/1-I3-B-768x640.jpg 768w, https:\/\/agora.xtec.cat\/ceipsab\/wp-content\/uploads\/usu1011\/2023\/05\/1-I3-B-1536x1280.jpg 1536w, https:\/\/agora.xtec.cat\/ceipsab\/wp-content\/uploads\/usu1011\/2023\/05\/1-I3-B-2048x1706.jpg 2048w\" sizes=\"auto, (max-width: 298px) 100vw, 298px\" \/><\/a><\/p>\n","protected":false},"excerpt":{"rendered":"<p>Hola fam\u00edlies<br \/>\nEl passat dijous vam anar d\u2019excursi\u00f3 al Lab 0-6 de Manresa, vam passar un dia fant\u00e0stic dedicat a la ci\u00e8ncia.<br \/>\nA trav\u00e9s de diferents propostes i a partir de la manipulaci\u00f3 de materials diversos, a la sala d\u2019exploraci\u00f3 del Lab vam descobrir idees cient\u00edfiques molt&hellip;  <a href=\"https:\/\/agora.xtec.cat\/ceipsab\/educacio-infantil\/p3\/i3-sortida-lab-0-6\/\" title=\"Read I3 SORTIDA LAB 0-6\">Llegeix m\u00e9s\u00bb<\/a><\/p>\n","protected":false},"author":48,"featured_media":10473,"comment_status":"open","ping_status":"closed","sticky":false,"template":"","format":"standard","meta":{"_bbp_topic_count":0,"_bbp_reply_count":0,"_bbp_total_topic_count":0,"_bbp_total_reply_count":0,"_bbp_voice_count":0,"_bbp_anonymous_reply_count":0,"_bbp_topic_count_hidden":0,"_bbp_reply_count_hidden":0,"_bbp_forum_subforum_count":0,"footnotes":""},"categories":[62,3],"tags":[],"class_list":["post-10472","post","type-post","status-publish","format-standard","has-post-thumbnail","hentry","category-educacio-infantil","category-p3"],"post_mailing_queue_ids":[],"_links":{"self":[{"href":"https:\/\/agora.xtec.cat\/ceipsab\/wp-json\/wp\/v2\/posts\/10472","targetHints":{"allow":["GET"]}}],"collection":[{"href":"https:\/\/agora.xtec.cat\/ceipsab\/wp-json\/wp\/v2\/posts"}],"about":[{"href":"https:\/\/agora.xtec.cat\/ceipsab\/wp-json\/wp\/v2\/types\/post"}],"author":[{"embeddable":true,"href":"https:\/\/agora.xtec.cat\/ceipsab\/wp-json\/wp\/v2\/users\/48"}],"replies":[{"embeddable":true,"href":"https:\/\/agora.xtec.cat\/ceipsab\/wp-json\/wp\/v2\/comments?post=10472"}],"version-history":[{"count":2,"href":"https:\/\/agora.xtec.cat\/ceipsab\/wp-json\/wp\/v2\/posts\/10472\/revisions"}],"predecessor-version":[{"id":10483,"href":"https:\/\/agora.xtec.cat\/ceipsab\/wp-json\/wp\/v2\/posts\/10472\/revisions\/10483"}],"wp:featuredmedia":[{"embeddable":true,"href":"https:\/\/agora.xtec.cat\/ceipsab\/wp-json\/wp\/v2\/media\/10473"}],"wp:attachment":[{"href":"https:\/\/agora.xtec.cat\/ceipsab\/wp-json\/wp\/v2\/media?parent=10472"}],"wp:term":[{"taxonomy":"category","embeddable":true,"href":"https:\/\/agora.xtec.cat\/ceipsab\/wp-json\/wp\/v2\/categories?post=10472"},{"taxonomy":"post_tag","embeddable":true,"href":"https:\/\/agora.xtec.cat\/ceipsab\/wp-json\/wp\/v2\/tags?post=10472"}],"curies":[{"name":"wp","href":"https:\/\/api.w.org\/{rel}","templated":true}]}}