{"id":10376,"date":"2023-05-12T12:00:50","date_gmt":"2023-05-12T10:00:50","guid":{"rendered":"https:\/\/agora.xtec.cat\/ceipsab\/?p=10376"},"modified":"2023-05-12T08:57:00","modified_gmt":"2023-05-12T06:57:00","slug":"petjada-verda-lets-clean-up-europe","status":"publish","type":"post","link":"https:\/\/agora.xtec.cat\/ceipsab\/educacio-infantil\/p5\/general\/petjada-verda-lets-clean-up-europe\/","title":{"rendered":"PETJADA VERDA (Let&#8217;s clean up Europe)"},"content":{"rendered":"<p>Durant aquestes dues setmanes, <span style=\"font-weight: 400;\">com a escola, amb el moviment <\/span><b>Petjada Verda i el projecte LET&#8217;S CLEAN UP EUROPE<\/b><span style=\"font-weight: 400;\">, ens hem unit a aquesta gran iniciativa, relacionant l<\/span><span style=\"font-weight: 400;\">&#8216;<em>educaci\u00f3 f\u00edsica, el medi natural i l&#8217;educaci\u00f3 en valors<\/em><\/span><span style=\"font-weight: 400;\">, amb l&#8217;objectiu de fer diferents sortides a l&#8217;entorn m\u00e9s proper i fer recollida d&#8217;escombraries per deixar la nostra Petjada Verda.<\/span><\/p>\n<p>L&#8217;alumnat de 4t, 5\u00e8 i 6\u00e8 hem demostrat que estem compromesos amb la cura del medi ambient i hem deixat una mica m\u00e9s net, el nostre poble.<\/p>\n<p>Clicant la imatge ens podreu veure en acci\u00f3!<\/p>\n<p style=\"text-align: right;\">L&#8217;alumnat SAB<\/p>\n<p><a href=\"https:\/\/agora.xtec.cat\/ceipsab\/wp-content\/uploads\/usu1011\/2023\/05\/reducimos-huella-de-carbono-gesa.jpg\"><br \/>\n<\/a><a href=\"https:\/\/photos.app.goo.gl\/iFd58jkGcmpNHAs3A\"><img loading=\"lazy\" decoding=\"async\" class=\"aligncenter wp-image-10377\" src=\"https:\/\/agora.xtec.cat\/ceipsab\/wp-content\/uploads\/usu1011\/2023\/05\/reducimos-huella-de-carbono-gesa-1024x566.jpg\" alt=\"\" width=\"328\" height=\"181\" srcset=\"https:\/\/agora.xtec.cat\/ceipsab\/wp-content\/uploads\/usu1011\/2023\/05\/reducimos-huella-de-carbono-gesa-1024x566.jpg 1024w, https:\/\/agora.xtec.cat\/ceipsab\/wp-content\/uploads\/usu1011\/2023\/05\/reducimos-huella-de-carbono-gesa-300x166.jpg 300w, https:\/\/agora.xtec.cat\/ceipsab\/wp-content\/uploads\/usu1011\/2023\/05\/reducimos-huella-de-carbono-gesa-768x424.jpg 768w, https:\/\/agora.xtec.cat\/ceipsab\/wp-content\/uploads\/usu1011\/2023\/05\/reducimos-huella-de-carbono-gesa.jpg 1059w\" sizes=\"auto, (max-width: 328px) 100vw, 328px\" \/><\/a><\/p>\n","protected":false},"excerpt":{"rendered":"<p>Durant aquestes dues setmanes, com a escola, amb el moviment Petjada Verda i el projecte LET&#8217;S CLEAN UP EUROPE, ens hem unit a aquesta gran iniciativa, relacionant l&#8216;educaci\u00f3 f\u00edsica, el medi natural i l&#8217;educaci\u00f3 en valors, amb l&#8217;objectiu de fer diferents sortides a l&#8217;entorn m\u00e9s&hellip;  <a href=\"https:\/\/agora.xtec.cat\/ceipsab\/educacio-infantil\/p5\/general\/petjada-verda-lets-clean-up-europe\/\" title=\"Read PETJADA VERDA (Let&#8217;s clean up Europe)\">Llegeix m\u00e9s\u00bb<\/a><\/p>\n","protected":false},"author":32,"featured_media":0,"comment_status":"open","ping_status":"closed","sticky":false,"template":"","format":"standard","meta":{"_bbp_topic_count":0,"_bbp_reply_count":0,"_bbp_total_topic_count":0,"_bbp_total_reply_count":0,"_bbp_voice_count":0,"_bbp_anonymous_reply_count":0,"_bbp_topic_count_hidden":0,"_bbp_reply_count_hidden":0,"_bbp_forum_subforum_count":0,"footnotes":""},"categories":[13,14,15,64,65,66,1],"tags":[],"class_list":["post-10376","post","type-post","status-publish","format-standard","hentry","category-4t","category-5e","category-6e","category-cicle-mitja","category-cicle-superior","category-educacio-fisica","category-general"],"post_mailing_queue_ids":[],"_links":{"self":[{"href":"https:\/\/agora.xtec.cat\/ceipsab\/wp-json\/wp\/v2\/posts\/10376","targetHints":{"allow":["GET"]}}],"collection":[{"href":"https:\/\/agora.xtec.cat\/ceipsab\/wp-json\/wp\/v2\/posts"}],"about":[{"href":"https:\/\/agora.xtec.cat\/ceipsab\/wp-json\/wp\/v2\/types\/post"}],"author":[{"embeddable":true,"href":"https:\/\/agora.xtec.cat\/ceipsab\/wp-json\/wp\/v2\/users\/32"}],"replies":[{"embeddable":true,"href":"https:\/\/agora.xtec.cat\/ceipsab\/wp-json\/wp\/v2\/comments?post=10376"}],"version-history":[{"count":2,"href":"https:\/\/agora.xtec.cat\/ceipsab\/wp-json\/wp\/v2\/posts\/10376\/revisions"}],"predecessor-version":[{"id":10435,"href":"https:\/\/agora.xtec.cat\/ceipsab\/wp-json\/wp\/v2\/posts\/10376\/revisions\/10435"}],"wp:attachment":[{"href":"https:\/\/agora.xtec.cat\/ceipsab\/wp-json\/wp\/v2\/media?parent=10376"}],"wp:term":[{"taxonomy":"category","embeddable":true,"href":"https:\/\/agora.xtec.cat\/ceipsab\/wp-json\/wp\/v2\/categories?post=10376"},{"taxonomy":"post_tag","embeddable":true,"href":"https:\/\/agora.xtec.cat\/ceipsab\/wp-json\/wp\/v2\/tags?post=10376"}],"curies":[{"name":"wp","href":"https:\/\/api.w.org\/{rel}","templated":true}]}}