{"id":10370,"date":"2023-05-09T13:03:45","date_gmt":"2023-05-09T11:03:45","guid":{"rendered":"https:\/\/agora.xtec.cat\/ceipsab\/?p=10370"},"modified":"2023-05-09T13:03:45","modified_gmt":"2023-05-09T11:03:45","slug":"sortida-parc-aerqueologic-mines-de-gava","status":"publish","type":"post","link":"https:\/\/agora.xtec.cat\/ceipsab\/primaria\/cicle-mitja\/3r\/sortida-parc-aerqueologic-mines-de-gava\/","title":{"rendered":"Sortida Parc aerqueol\u00f2gic mines de Gav\u00e0"},"content":{"rendered":"<p><span style=\"font-weight: 400\">Hola Fam\u00edlies, el passat 23 de mar\u00e7 els alumnes de tercer vam anar al parc arqueol\u00f2gic de Gav\u00e0.<\/span><\/p>\n<p><span style=\"font-weight: 400\">Primer vam veure una exposici\u00f3 sobre la prehist\u00f2ria, concretament sobre el Neol\u00edtic. Vam veure cranis, ossos, la Venus de Gav\u00e0, collarets de Variscita&#8230;<\/span><\/p>\n<p><span style=\"font-weight: 400\">Despr\u00e8s van anar a les mines de Gav\u00e0, on van poder accedir als passadissos on els homes prehist\u00f2rics extreien la Variscita, un mineral de color verd fluixet. Ens van posar uns cascos al cap per protegir-nos. Van aprendre moltes coses noves sobre el neol\u00edtic: com encenien el foc, quines eines feien servir&#8230;.<\/span><\/p>\n<p><span style=\"font-weight: 400\">Finalment van fer un taller de collarets amb minerals. Ens van fer un penjoll amb l\u2019ajuda de la \u201cBallarina\u201d una eina del neol\u00edtic.\u00a0<\/span><\/p>\n<p><span style=\"font-weight: 400\">Ens ho van passar s\u00faper b\u00e9!!!!<\/span><\/p>\n<p><span style=\"font-weight: 400\">A continuaci\u00f3 us deixem les fotos d\u2019aquell dia. Cliqueu a l&#8217;enlla\u00e7.<\/span><\/p>\n<p><a href=\"https:\/\/photos.app.goo.gl\/fPnMe3mCuz2kEhp19\">https:\/\/photos.app.goo.gl\/fPnMe3mCuz2kEhp19<\/a><\/p>\n","protected":false},"excerpt":{"rendered":"<p>Hola Fam\u00edlies, el passat 23 de mar\u00e7 els alumnes de tercer vam anar al parc arqueol\u00f2gic de Gav\u00e0.<br \/>\nPrimer vam veure una exposici\u00f3 sobre la prehist\u00f2ria, concretament sobre el Neol\u00edtic. Vam veure cranis, ossos, la Venus de Gav\u00e0, collarets de Variscita&#8230;<br \/>\nDespr\u00e8s van anar a les mines&hellip;  <a href=\"https:\/\/agora.xtec.cat\/ceipsab\/primaria\/cicle-mitja\/3r\/sortida-parc-aerqueologic-mines-de-gava\/\" title=\"Read Sortida Parc aerqueol\u00f2gic mines de Gav\u00e0\">Llegeix m\u00e9s\u00bb<\/a><\/p>\n","protected":false},"author":15,"featured_media":10371,"comment_status":"open","ping_status":"closed","sticky":false,"template":"","format":"standard","meta":{"_bbp_topic_count":0,"_bbp_reply_count":0,"_bbp_total_topic_count":0,"_bbp_total_reply_count":0,"_bbp_voice_count":0,"_bbp_anonymous_reply_count":0,"_bbp_topic_count_hidden":0,"_bbp_reply_count_hidden":0,"_bbp_forum_subforum_count":0,"footnotes":""},"categories":[12],"tags":[],"class_list":["post-10370","post","type-post","status-publish","format-standard","has-post-thumbnail","hentry","category-3r"],"post_mailing_queue_ids":[],"_links":{"self":[{"href":"https:\/\/agora.xtec.cat\/ceipsab\/wp-json\/wp\/v2\/posts\/10370","targetHints":{"allow":["GET"]}}],"collection":[{"href":"https:\/\/agora.xtec.cat\/ceipsab\/wp-json\/wp\/v2\/posts"}],"about":[{"href":"https:\/\/agora.xtec.cat\/ceipsab\/wp-json\/wp\/v2\/types\/post"}],"author":[{"embeddable":true,"href":"https:\/\/agora.xtec.cat\/ceipsab\/wp-json\/wp\/v2\/users\/15"}],"replies":[{"embeddable":true,"href":"https:\/\/agora.xtec.cat\/ceipsab\/wp-json\/wp\/v2\/comments?post=10370"}],"version-history":[{"count":1,"href":"https:\/\/agora.xtec.cat\/ceipsab\/wp-json\/wp\/v2\/posts\/10370\/revisions"}],"predecessor-version":[{"id":10372,"href":"https:\/\/agora.xtec.cat\/ceipsab\/wp-json\/wp\/v2\/posts\/10370\/revisions\/10372"}],"wp:featuredmedia":[{"embeddable":true,"href":"https:\/\/agora.xtec.cat\/ceipsab\/wp-json\/wp\/v2\/media\/10371"}],"wp:attachment":[{"href":"https:\/\/agora.xtec.cat\/ceipsab\/wp-json\/wp\/v2\/media?parent=10370"}],"wp:term":[{"taxonomy":"category","embeddable":true,"href":"https:\/\/agora.xtec.cat\/ceipsab\/wp-json\/wp\/v2\/categories?post=10370"},{"taxonomy":"post_tag","embeddable":true,"href":"https:\/\/agora.xtec.cat\/ceipsab\/wp-json\/wp\/v2\/tags?post=10370"}],"curies":[{"name":"wp","href":"https:\/\/api.w.org\/{rel}","templated":true}]}}