{"id":10331,"date":"2023-04-27T09:26:45","date_gmt":"2023-04-27T07:26:45","guid":{"rendered":"https:\/\/agora.xtec.cat\/ceipsab\/?p=10331"},"modified":"2023-04-27T09:26:45","modified_gmt":"2023-04-27T07:26:45","slug":"i5-anem-de-colonies","status":"publish","type":"post","link":"https:\/\/agora.xtec.cat\/ceipsab\/educacio-infantil\/p5\/i5-anem-de-colonies\/","title":{"rendered":"I5 Anem de col\u00f2nies!"},"content":{"rendered":"<p>Hola fam\u00edlies!<\/p>\n<p>Els nens i nenes d&#8217;I5 hem anat de col\u00f2nies a Centelles. Concretament hem passat dos dies (i una nit!) a la casa de col\u00f2nies Mas Banyeres.<\/p>\n<p>Ens ho hem passat molt i molt b\u00e9! I ens ha agradat molt\u00edssim el joc de nit i sobretot dormir tots junts! Hem arribat a l&#8217;escola molt cansats i amb moltes an\u00e8cdotes per explicar.<\/p>\n<p>Ens voleu veure?<\/p>\n<p><a href=\"https:\/\/photos.app.goo.gl\/AY4EreCXCULU3oXC6\"><img loading=\"lazy\" decoding=\"async\" class=\"BiCYpc\" src=\"https:\/\/lh3.googleusercontent.com\/pw\/AJFCJaXQ-GzYRAAtMg4_E1Im3ec7WCZzbb9I6gW0W4MFeukpCHaUBFci-TUru67hzmD6ssghDJs5t7Bx_rtpR9xYbYegsbWnWijnfEZC6KTNLW-K41W33p0U4IJYvEWFrEWCcoq8EeKJlhYrN51YBOidGvpI=w1920-h864-s-no?authuser=0\" width=\"368\" height=\"166\" aria-label=\"Foto - Paisatge - 25 d\u2019abr. 2023, 10:25:04\" data-atf=\"false\" data-iml=\"205913\" \/><\/a><\/p>\n","protected":false},"excerpt":{"rendered":"<p>Hola fam\u00edlies!<br \/>\nEls nens i nenes d&#8217;I5 hem anat de col\u00f2nies a Centelles. Concretament hem passat dos dies (i una nit!) a la casa de col\u00f2nies Mas Banyeres.<br \/>\nEns ho hem passat molt i molt b\u00e9! I ens ha agradat molt\u00edssim el joc de nit i sobretot&hellip;  <a href=\"https:\/\/agora.xtec.cat\/ceipsab\/educacio-infantil\/p5\/i5-anem-de-colonies\/\" title=\"Read I5 Anem de col\u00f2nies!\">Llegeix m\u00e9s\u00bb<\/a><\/p>\n","protected":false},"author":1,"featured_media":0,"comment_status":"open","ping_status":"closed","sticky":false,"template":"","format":"standard","meta":{"_bbp_topic_count":0,"_bbp_reply_count":0,"_bbp_total_topic_count":0,"_bbp_total_reply_count":0,"_bbp_voice_count":0,"_bbp_anonymous_reply_count":0,"_bbp_topic_count_hidden":0,"_bbp_reply_count_hidden":0,"_bbp_forum_subforum_count":0,"footnotes":""},"categories":[62,9],"tags":[],"class_list":["post-10331","post","type-post","status-publish","format-standard","hentry","category-educacio-infantil","category-p5"],"post_mailing_queue_ids":[],"_links":{"self":[{"href":"https:\/\/agora.xtec.cat\/ceipsab\/wp-json\/wp\/v2\/posts\/10331","targetHints":{"allow":["GET"]}}],"collection":[{"href":"https:\/\/agora.xtec.cat\/ceipsab\/wp-json\/wp\/v2\/posts"}],"about":[{"href":"https:\/\/agora.xtec.cat\/ceipsab\/wp-json\/wp\/v2\/types\/post"}],"author":[{"embeddable":true,"href":"https:\/\/agora.xtec.cat\/ceipsab\/wp-json\/wp\/v2\/users\/1"}],"replies":[{"embeddable":true,"href":"https:\/\/agora.xtec.cat\/ceipsab\/wp-json\/wp\/v2\/comments?post=10331"}],"version-history":[{"count":1,"href":"https:\/\/agora.xtec.cat\/ceipsab\/wp-json\/wp\/v2\/posts\/10331\/revisions"}],"predecessor-version":[{"id":10332,"href":"https:\/\/agora.xtec.cat\/ceipsab\/wp-json\/wp\/v2\/posts\/10331\/revisions\/10332"}],"wp:attachment":[{"href":"https:\/\/agora.xtec.cat\/ceipsab\/wp-json\/wp\/v2\/media?parent=10331"}],"wp:term":[{"taxonomy":"category","embeddable":true,"href":"https:\/\/agora.xtec.cat\/ceipsab\/wp-json\/wp\/v2\/categories?post=10331"},{"taxonomy":"post_tag","embeddable":true,"href":"https:\/\/agora.xtec.cat\/ceipsab\/wp-json\/wp\/v2\/tags?post=10331"}],"curies":[{"name":"wp","href":"https:\/\/api.w.org\/{rel}","templated":true}]}}