{"id":10320,"date":"2023-04-24T17:46:59","date_gmt":"2023-04-24T15:46:59","guid":{"rendered":"https:\/\/agora.xtec.cat\/ceipsab\/?p=10320"},"modified":"2023-04-24T17:46:59","modified_gmt":"2023-04-24T15:46:59","slug":"diada-de-sant-jordi-a-educacio-infantil","status":"publish","type":"post","link":"https:\/\/agora.xtec.cat\/ceipsab\/educacio-infantil\/p3\/diada-de-sant-jordi-a-educacio-infantil\/","title":{"rendered":"DIADA DE SANT JORDI A EDUCACI\u00d3 INFANTIL"},"content":{"rendered":"<p>Avui hem celebrat la diada de Sant Jordi!!<\/p>\n<p>Uns dies abans hem preparat amb il\u00b7lusi\u00f3 els nostres llibrets que avui portem a casa com a regal.<\/p>\n<p>Ha sigut un dia ben complet. Hem visitat la paradeta de llibres de l&#8217;AMPA, els infants d&#8217;I5 ens han fet una petita pel\u00b7l\u00edcula de la Llegenda de Sant Jordi que hem vist tots els infants d&#8217;educaci\u00f3 infantil, cada nivell (I3, I4, I5) ha cantat una can\u00e7\u00f3 de Sant Jordi, per la resta d&#8217;infants, ens han visitat la colla de diables del poble amb drac i tot i per acabar hem fet l&#8217;entrega de premis dels Jocs Florals de l&#8217;Escola.<\/p>\n<p>Aqu\u00ed us deixem unes fotos per poder compartir aquest gran dia.<\/p>\n<p><a href=\"https:\/\/photos.app.goo.gl\/QsNZdZisbhCeDFP99\"><img loading=\"lazy\" decoding=\"async\" class=\"alignnone size-medium wp-image-10321\" src=\"https:\/\/agora.xtec.cat\/ceipsab\/wp-content\/uploads\/usu1011\/2023\/04\/jordi3-282x300.jpg\" alt=\"\" width=\"282\" height=\"300\" srcset=\"https:\/\/agora.xtec.cat\/ceipsab\/wp-content\/uploads\/usu1011\/2023\/04\/jordi3-282x300.jpg 282w, https:\/\/agora.xtec.cat\/ceipsab\/wp-content\/uploads\/usu1011\/2023\/04\/jordi3.jpg 468w\" sizes=\"auto, (max-width: 282px) 100vw, 282px\" \/><\/a><\/p>\n<p>&nbsp;<\/p>\n","protected":false},"excerpt":{"rendered":"<p>Avui hem celebrat la diada de Sant Jordi!!<br \/>\nUns dies abans hem preparat amb il\u00b7lusi\u00f3 els nostres llibrets que avui portem a casa com a regal.<br \/>\nHa sigut un dia ben complet. Hem visitat la paradeta de llibres de l&#8217;AMPA, els infants d&#8217;I5 ens han fet una&hellip;  <a href=\"https:\/\/agora.xtec.cat\/ceipsab\/educacio-infantil\/p3\/diada-de-sant-jordi-a-educacio-infantil\/\" title=\"Read DIADA DE SANT JORDI A EDUCACI\u00d3 INFANTIL\">Llegeix m\u00e9s\u00bb<\/a><\/p>\n","protected":false},"author":7,"featured_media":10321,"comment_status":"open","ping_status":"closed","sticky":false,"template":"","format":"standard","meta":{"_bbp_topic_count":0,"_bbp_reply_count":0,"_bbp_total_topic_count":0,"_bbp_total_reply_count":0,"_bbp_voice_count":0,"_bbp_anonymous_reply_count":0,"_bbp_topic_count_hidden":0,"_bbp_reply_count_hidden":0,"_bbp_forum_subforum_count":0,"footnotes":""},"categories":[62,3,8,9],"tags":[192,359,378,385,89],"class_list":["post-10320","post","type-post","status-publish","format-standard","has-post-thumbnail","hentry","category-educacio-infantil","category-p3","category-p4","category-p5","tag-educacio-infantil","tag-i3","tag-i4","tag-i5","tag-sant-jordi"],"post_mailing_queue_ids":[],"_links":{"self":[{"href":"https:\/\/agora.xtec.cat\/ceipsab\/wp-json\/wp\/v2\/posts\/10320","targetHints":{"allow":["GET"]}}],"collection":[{"href":"https:\/\/agora.xtec.cat\/ceipsab\/wp-json\/wp\/v2\/posts"}],"about":[{"href":"https:\/\/agora.xtec.cat\/ceipsab\/wp-json\/wp\/v2\/types\/post"}],"author":[{"embeddable":true,"href":"https:\/\/agora.xtec.cat\/ceipsab\/wp-json\/wp\/v2\/users\/7"}],"replies":[{"embeddable":true,"href":"https:\/\/agora.xtec.cat\/ceipsab\/wp-json\/wp\/v2\/comments?post=10320"}],"version-history":[{"count":1,"href":"https:\/\/agora.xtec.cat\/ceipsab\/wp-json\/wp\/v2\/posts\/10320\/revisions"}],"predecessor-version":[{"id":10322,"href":"https:\/\/agora.xtec.cat\/ceipsab\/wp-json\/wp\/v2\/posts\/10320\/revisions\/10322"}],"wp:featuredmedia":[{"embeddable":true,"href":"https:\/\/agora.xtec.cat\/ceipsab\/wp-json\/wp\/v2\/media\/10321"}],"wp:attachment":[{"href":"https:\/\/agora.xtec.cat\/ceipsab\/wp-json\/wp\/v2\/media?parent=10320"}],"wp:term":[{"taxonomy":"category","embeddable":true,"href":"https:\/\/agora.xtec.cat\/ceipsab\/wp-json\/wp\/v2\/categories?post=10320"},{"taxonomy":"post_tag","embeddable":true,"href":"https:\/\/agora.xtec.cat\/ceipsab\/wp-json\/wp\/v2\/tags?post=10320"}],"curies":[{"name":"wp","href":"https:\/\/api.w.org\/{rel}","templated":true}]}}