{"id":10313,"date":"2023-04-24T16:58:07","date_gmt":"2023-04-24T14:58:07","guid":{"rendered":"https:\/\/agora.xtec.cat\/ceipsab\/?p=10313"},"modified":"2023-04-24T17:47:47","modified_gmt":"2023-04-24T15:47:47","slug":"tallers-families-sant-jordi-2023","status":"publish","type":"post","link":"https:\/\/agora.xtec.cat\/ceipsab\/educacio-infantil\/p3\/tallers-families-sant-jordi-2023\/","title":{"rendered":"TALLERS FAM\u00cdLIES SANT JORDI 2023"},"content":{"rendered":"<p><span style=\"font-weight: 400;\">Hola fam\u00edlies!<\/span><\/p>\n<p><span style=\"font-weight: 400;\">Aquest curs hem tornat a fer tallers de Sant Jordi a Educaci\u00f3 infantil!<\/span><\/p>\n<p><span style=\"font-weight: 400;\">\u00c9s una activitat que ens agrada molt\u00edssim, ja que ens barregem els infants de totes les classes i podem estar junts amb els companys i companyes d&#8217;I3, I4 i I5.<\/span><\/p>\n<p><span style=\"font-weight: 400;\">A m\u00e9s a m\u00e9s, ens encanta, perqu\u00e8 vosaltres, les fam\u00edlies, podeu venir a l&#8217;aula a ajudar-nos i passar una bona estona amb tots nosaltres! Gr\u00e0cies a les fam\u00edlies volunt\u00e0ries que han vingut a ajudar-nos aquests dies!<\/span><\/p>\n<p><span style=\"font-weight: 400;\">Estem fets uns artistes! Ens voleu veure?\u00a0<\/span><\/p>\n<p>&nbsp;<\/p>\n<p><a href=\"https:\/\/photos.app.goo.gl\/zVf4u8iP5Sq7JcPC6\"><img loading=\"lazy\" decoding=\"async\" class=\"alignnone size-medium wp-image-10317\" src=\"https:\/\/agora.xtec.cat\/ceipsab\/wp-content\/uploads\/usu1011\/2023\/04\/jordi-300x206.jpg\" alt=\"\" width=\"300\" height=\"206\" srcset=\"https:\/\/agora.xtec.cat\/ceipsab\/wp-content\/uploads\/usu1011\/2023\/04\/jordi-300x206.jpg 300w, https:\/\/agora.xtec.cat\/ceipsab\/wp-content\/uploads\/usu1011\/2023\/04\/jordi.jpg 528w\" sizes=\"auto, (max-width: 300px) 100vw, 300px\" \/><\/a><\/p>\n","protected":false},"excerpt":{"rendered":"<p>Hola fam\u00edlies!<br \/>\nAquest curs hem tornat a fer tallers de Sant Jordi a Educaci\u00f3 infantil!<br \/>\n\u00c9s una activitat que ens agrada molt\u00edssim, ja que ens barregem els infants de totes les classes i podem estar junts amb els companys i companyes d&#8217;I3, I4 i I5.<br \/>\nA m\u00e9s a&hellip;  <a href=\"https:\/\/agora.xtec.cat\/ceipsab\/educacio-infantil\/p3\/tallers-families-sant-jordi-2023\/\" title=\"Read TALLERS FAM\u00cdLIES SANT JORDI 2023\">Llegeix m\u00e9s\u00bb<\/a><\/p>\n","protected":false},"author":7,"featured_media":10317,"comment_status":"open","ping_status":"closed","sticky":false,"template":"","format":"standard","meta":{"_bbp_topic_count":0,"_bbp_reply_count":0,"_bbp_total_topic_count":0,"_bbp_total_reply_count":0,"_bbp_voice_count":0,"_bbp_anonymous_reply_count":0,"_bbp_topic_count_hidden":0,"_bbp_reply_count_hidden":0,"_bbp_forum_subforum_count":0,"footnotes":""},"categories":[62,3,8,9,4],"tags":[192,157,359,378,385,89,258,409],"class_list":["post-10313","post","type-post","status-publish","format-standard","has-post-thumbnail","hentry","category-educacio-infantil","category-p3","category-p4","category-p5","category-portada","tag-educacio-infantil","tag-families","tag-i3","tag-i4","tag-i5","tag-sant-jordi","tag-tallers","tag-tallers-families"],"post_mailing_queue_ids":[],"_links":{"self":[{"href":"https:\/\/agora.xtec.cat\/ceipsab\/wp-json\/wp\/v2\/posts\/10313","targetHints":{"allow":["GET"]}}],"collection":[{"href":"https:\/\/agora.xtec.cat\/ceipsab\/wp-json\/wp\/v2\/posts"}],"about":[{"href":"https:\/\/agora.xtec.cat\/ceipsab\/wp-json\/wp\/v2\/types\/post"}],"author":[{"embeddable":true,"href":"https:\/\/agora.xtec.cat\/ceipsab\/wp-json\/wp\/v2\/users\/7"}],"replies":[{"embeddable":true,"href":"https:\/\/agora.xtec.cat\/ceipsab\/wp-json\/wp\/v2\/comments?post=10313"}],"version-history":[{"count":2,"href":"https:\/\/agora.xtec.cat\/ceipsab\/wp-json\/wp\/v2\/posts\/10313\/revisions"}],"predecessor-version":[{"id":10319,"href":"https:\/\/agora.xtec.cat\/ceipsab\/wp-json\/wp\/v2\/posts\/10313\/revisions\/10319"}],"wp:featuredmedia":[{"embeddable":true,"href":"https:\/\/agora.xtec.cat\/ceipsab\/wp-json\/wp\/v2\/media\/10317"}],"wp:attachment":[{"href":"https:\/\/agora.xtec.cat\/ceipsab\/wp-json\/wp\/v2\/media?parent=10313"}],"wp:term":[{"taxonomy":"category","embeddable":true,"href":"https:\/\/agora.xtec.cat\/ceipsab\/wp-json\/wp\/v2\/categories?post=10313"},{"taxonomy":"post_tag","embeddable":true,"href":"https:\/\/agora.xtec.cat\/ceipsab\/wp-json\/wp\/v2\/tags?post=10313"}],"curies":[{"name":"wp","href":"https:\/\/api.w.org\/{rel}","templated":true}]}}