{"id":10298,"date":"2023-04-21T15:53:59","date_gmt":"2023-04-21T13:53:59","guid":{"rendered":"https:\/\/agora.xtec.cat\/ceipsab\/?p=10298"},"modified":"2023-04-21T15:53:59","modified_gmt":"2023-04-21T13:53:59","slug":"i5-trobada-de-jocs-cooperatius","status":"publish","type":"post","link":"https:\/\/agora.xtec.cat\/ceipsab\/educacio-infantil\/p5\/i5-trobada-de-jocs-cooperatius\/","title":{"rendered":"I5 TROBADA DE JOCS COOPERATIUS"},"content":{"rendered":"<p>Hola fam\u00edlies!<\/p>\n<p>El passat dimarts 18 d&#8217;abril vam anar a la Trobada de Jocs cooperatius de Sant Andreu de la Barca. Tots els nens i nenes d&#8217;I5 de les escoles del municipi ens vam trobar a la pista esportiva de Can Salvi per a fer jocs.<\/p>\n<p>Ens ho vam passar d&#8217;all\u00f2 m\u00e9s b\u00e9!<\/p>\n<p><a href=\"https:\/\/photos.app.goo.gl\/c1MqkFxrdhCuHPrK8\"><img loading=\"lazy\" decoding=\"async\" class=\"BiCYpc\" src=\"https:\/\/lh3.googleusercontent.com\/pw\/AJFCJaXSllZoSF1LRwuma-FZdPps378PeHapxWD1-dmDifVo6EFcXtNHYjYseRGBQ9OxwEIK63_EOTP5FOlnE3_rhZu88MetlVQDrDarIWUbcp1WA3xSJ8601ASRvCrLx0e4yHguTPAGzSAHbtnIdMkUVN_K9UEiPvINMRC16bB2IkC2ohm6XEAEHKNxQyKTQIACom4J062x8RQ5LI8w7OpeYPyxsKUviEIO4_80k6uMe9vT3ZyROH4vEbjm0Ci5RoXFFW1H2eSYgG4aCSPrJVRM-j14iXIo0p4m7w6taOBSwqpiIVHfJN96q0FlxtGqVmPbEgUON5AvQSBRS9rHog8-AeZ1NA8bIdGKymvVT5cq9kBkZGA7YaKWBVImoWHx-K9XvHeYFSAAsq_0gddAdaUEwLal7sRYCNsJB-CFsDZISUGnnZRevGyEbNvwc6CY1j9XyvmBCigQbBbBItoIPgyajJBIebib85jKt84rHJaUEbyKid1KbJBX-jLQLiEWGe1cW4KKdVcGTI0W-AuPbE0zrhSDvHFVguOtx9e09v-lyOsA4eOw8PVyd1DbPegJrHuE2WaIWywb6wdIXyhgcPbvFDMIJtOK7CMNHlcohL6FBW_8Qzado0zon1WdSIHV-aBca_qbmO-jRUvpUn_frPutlV2keBZfD-A7UH6k5fw7hhqb0Zn3xDaHocRy2xNzX9UAkarrqN_kjUxkieqIlo_6WlsX8hgUpoOuMusF4j1eKrksMXcK6dE_JUykMJjQTdNsu7clNnk_dRYP07Gg-0qu4IXECpfdSQWPnpHYaNnS2KXTiwPSo88p8o64c0Y-qv8q3qU3LVNe0qdKpJvs47rIYfpY8tE15Cl5zr6kUSXZ1tpJQZwh8cnix8Fv49KFJBjXqrkHkCfhvgRpQSpPhpzYuv-mT2zIC7Rtf8KDtiY_-8vqoEF9B9zrNfaX8XdJ=w669-h893-s-no?authuser=2\" width=\"189\" height=\"252\" aria-label=\"Foto - Retrat - 18 d\u2019abr. 2023, 10:36:49\" data-atf=\"false\" data-iml=\"240829\" \/><\/a><\/p>\n","protected":false},"excerpt":{"rendered":"<p>Hola fam\u00edlies!<br \/>\nEl passat dimarts 18 d&#8217;abril vam anar a la Trobada de Jocs cooperatius de Sant Andreu de la Barca. Tots els nens i nenes d&#8217;I5 de les escoles del municipi ens vam trobar a la pista esportiva de Can Salvi per a fer jocs.<br \/>\nEns&hellip;  <a href=\"https:\/\/agora.xtec.cat\/ceipsab\/educacio-infantil\/p5\/i5-trobada-de-jocs-cooperatius\/\" title=\"Read I5 TROBADA DE JOCS COOPERATIUS\">Llegeix m\u00e9s\u00bb<\/a><\/p>\n","protected":false},"author":1,"featured_media":0,"comment_status":"open","ping_status":"closed","sticky":false,"template":"","format":"standard","meta":{"_bbp_topic_count":0,"_bbp_reply_count":0,"_bbp_total_topic_count":0,"_bbp_total_reply_count":0,"_bbp_voice_count":0,"_bbp_anonymous_reply_count":0,"_bbp_topic_count_hidden":0,"_bbp_reply_count_hidden":0,"_bbp_forum_subforum_count":0,"footnotes":""},"categories":[62,9],"tags":[],"class_list":["post-10298","post","type-post","status-publish","format-standard","hentry","category-educacio-infantil","category-p5"],"post_mailing_queue_ids":[],"_links":{"self":[{"href":"https:\/\/agora.xtec.cat\/ceipsab\/wp-json\/wp\/v2\/posts\/10298","targetHints":{"allow":["GET"]}}],"collection":[{"href":"https:\/\/agora.xtec.cat\/ceipsab\/wp-json\/wp\/v2\/posts"}],"about":[{"href":"https:\/\/agora.xtec.cat\/ceipsab\/wp-json\/wp\/v2\/types\/post"}],"author":[{"embeddable":true,"href":"https:\/\/agora.xtec.cat\/ceipsab\/wp-json\/wp\/v2\/users\/1"}],"replies":[{"embeddable":true,"href":"https:\/\/agora.xtec.cat\/ceipsab\/wp-json\/wp\/v2\/comments?post=10298"}],"version-history":[{"count":2,"href":"https:\/\/agora.xtec.cat\/ceipsab\/wp-json\/wp\/v2\/posts\/10298\/revisions"}],"predecessor-version":[{"id":11653,"href":"https:\/\/agora.xtec.cat\/ceipsab\/wp-json\/wp\/v2\/posts\/10298\/revisions\/11653"}],"wp:attachment":[{"href":"https:\/\/agora.xtec.cat\/ceipsab\/wp-json\/wp\/v2\/media?parent=10298"}],"wp:term":[{"taxonomy":"category","embeddable":true,"href":"https:\/\/agora.xtec.cat\/ceipsab\/wp-json\/wp\/v2\/categories?post=10298"},{"taxonomy":"post_tag","embeddable":true,"href":"https:\/\/agora.xtec.cat\/ceipsab\/wp-json\/wp\/v2\/tags?post=10298"}],"curies":[{"name":"wp","href":"https:\/\/api.w.org\/{rel}","templated":true}]}}