{"id":10234,"date":"2023-03-31T15:32:40","date_gmt":"2023-03-31T13:32:40","guid":{"rendered":"https:\/\/agora.xtec.cat\/ceipsab\/?p=10234"},"modified":"2023-04-13T09:31:26","modified_gmt":"2023-04-13T07:31:26","slug":"i5-lectura-expressiva-dun-poema","status":"publish","type":"post","link":"https:\/\/agora.xtec.cat\/ceipsab\/educacio-infantil\/p5\/i5-lectura-expressiva-dun-poema\/","title":{"rendered":"I5 LECTURA EXPRESSIVA D&#8217;UN POEMA"},"content":{"rendered":"<p>Hola fam\u00edlies!<\/p>\n<p>Els nens i nenes d&#8217;I5 hem apr\u00e8s el poema de l&#8217;Elefant. \u00c9s un poema molt divertit!<\/p>\n<p>Com que ens ha agradat molt, hem anat a fer una activitat de lectura expressiva davant dels nostres companys i companys d&#8217;I3 i I4.<\/p>\n<p>Est\u00e0vem una mica nerviosos per\u00f2 ho hem fet d&#8217;all\u00f2 m\u00e9s b\u00e9!<\/p>\n<p>I5A<\/p>\n<p><a href=\"https:\/\/photos.app.goo.gl\/exaMNbg9mUkzvkXy9\"><img loading=\"lazy\" decoding=\"async\" class=\"r48jcc pT0Scc iPVvYb\" src=\"https:\/\/img.freepik.com\/vector-premium\/nino-pie-leyendo-libro-cuentos_97632-6234.jpg?w=2000\" alt=\"Ni\u00f1o de pie y leyendo un libro de cuentos | Vector Premium\" width=\"203\" height=\"269\" \/><\/a><\/p>\n<p>&nbsp;<\/p>\n<p>I5B<\/p>\n<p><a href=\"https:\/\/photos.app.goo.gl\/ieDXakvnocRcBr4n7\"><img loading=\"lazy\" decoding=\"async\" class=\"\" src=\"https:\/\/lh3.googleusercontent.com\/pw\/AMWts8BIaOnQ0L1tOLpoj-v77iQKks16O-lA01JxOG5OrPw98ImkqjAyGNT1mAA5cJjR0favt0aq3Jg4CFGFSOPMwgRE7ZGeT9F3S8GbTYJjW1Gh_ALUolJNDmTbvx_9D7yuLXErwp0AojcGTT-ruW4OKg7Y=w1039-h779-s-no?authuser=2\" width=\"300\" height=\"225\" \/><\/a><\/p>\n<p>&nbsp;<\/p>\n","protected":false},"excerpt":{"rendered":"<p>Hola fam\u00edlies!<br \/>\nEls nens i nenes d&#8217;I5 hem apr\u00e8s el poema de l&#8217;Elefant. \u00c9s un poema molt divertit!<br \/>\nCom que ens ha agradat molt, hem anat a fer una activitat de lectura expressiva davant dels nostres companys i companys d&#8217;I3 i I4.<br \/>\nEst\u00e0vem una mica nerviosos per\u00f2 ho&hellip;  <a href=\"https:\/\/agora.xtec.cat\/ceipsab\/educacio-infantil\/p5\/i5-lectura-expressiva-dun-poema\/\" title=\"Read I5 LECTURA EXPRESSIVA D&#8217;UN POEMA\">Llegeix m\u00e9s\u00bb<\/a><\/p>\n","protected":false},"author":1,"featured_media":0,"comment_status":"open","ping_status":"closed","sticky":false,"template":"","format":"standard","meta":{"_bbp_topic_count":0,"_bbp_reply_count":0,"_bbp_total_topic_count":0,"_bbp_total_reply_count":0,"_bbp_voice_count":0,"_bbp_anonymous_reply_count":0,"_bbp_topic_count_hidden":0,"_bbp_reply_count_hidden":0,"_bbp_forum_subforum_count":0,"footnotes":""},"categories":[62,9],"tags":[],"class_list":["post-10234","post","type-post","status-publish","format-standard","hentry","category-educacio-infantil","category-p5"],"post_mailing_queue_ids":[],"_links":{"self":[{"href":"https:\/\/agora.xtec.cat\/ceipsab\/wp-json\/wp\/v2\/posts\/10234","targetHints":{"allow":["GET"]}}],"collection":[{"href":"https:\/\/agora.xtec.cat\/ceipsab\/wp-json\/wp\/v2\/posts"}],"about":[{"href":"https:\/\/agora.xtec.cat\/ceipsab\/wp-json\/wp\/v2\/types\/post"}],"author":[{"embeddable":true,"href":"https:\/\/agora.xtec.cat\/ceipsab\/wp-json\/wp\/v2\/users\/1"}],"replies":[{"embeddable":true,"href":"https:\/\/agora.xtec.cat\/ceipsab\/wp-json\/wp\/v2\/comments?post=10234"}],"version-history":[{"count":3,"href":"https:\/\/agora.xtec.cat\/ceipsab\/wp-json\/wp\/v2\/posts\/10234\/revisions"}],"predecessor-version":[{"id":10271,"href":"https:\/\/agora.xtec.cat\/ceipsab\/wp-json\/wp\/v2\/posts\/10234\/revisions\/10271"}],"wp:attachment":[{"href":"https:\/\/agora.xtec.cat\/ceipsab\/wp-json\/wp\/v2\/media?parent=10234"}],"wp:term":[{"taxonomy":"category","embeddable":true,"href":"https:\/\/agora.xtec.cat\/ceipsab\/wp-json\/wp\/v2\/categories?post=10234"},{"taxonomy":"post_tag","embeddable":true,"href":"https:\/\/agora.xtec.cat\/ceipsab\/wp-json\/wp\/v2\/tags?post=10234"}],"curies":[{"name":"wp","href":"https:\/\/api.w.org\/{rel}","templated":true}]}}