{"id":10226,"date":"2023-03-31T15:16:24","date_gmt":"2023-03-31T13:16:24","guid":{"rendered":"https:\/\/agora.xtec.cat\/ceipsab\/?p=10226"},"modified":"2023-03-31T15:16:24","modified_gmt":"2023-03-31T13:16:24","slug":"i5-contacontes-2n-trimestre","status":"publish","type":"post","link":"https:\/\/agora.xtec.cat\/ceipsab\/educacio-infantil\/p5\/i5-contacontes-2n-trimestre\/","title":{"rendered":"I5 CONTACONTES 2n Trimestre"},"content":{"rendered":"<p>Hola fam\u00edlies!<\/p>\n<p>Aquest trimestre, els nens i les nenes d&#8217;I5, hem continuat amb l&#8217;activitat del &#8220;Petit Contacontes&#8221;.<\/p>\n<p>Ens ho hem passat molt b\u00e9 escoltant les hist\u00f2ries que explicaven els nostres companys.<\/p>\n<p>Ens voleu veure?<\/p>\n<p>&nbsp;<\/p>\n<p>I5A<\/p>\n<p><a href=\"https:\/\/photos.app.goo.gl\/AEmZtFmfBiExWnGJ7\"><img loading=\"lazy\" decoding=\"async\" class=\"\" src=\"https:\/\/www.conmishijos.com\/assets\/posts\/14000\/14852-cuentos-para-aprender-a-leer.jpg\" alt=\"5 cuentos cortos para aprender a leer en la infancia\" width=\"293\" height=\"220\" \/><\/a><\/p>\n<p>I5B<\/p>\n<p><a href=\"https:\/\/photos.app.goo.gl\/KuniB9R9gLYKSxFG7\"><img loading=\"lazy\" decoding=\"async\" class=\"\" src=\"https:\/\/static.guiainfantil.com\/uploads\/ocio\/_nina-lee-p.jpg\" alt=\"V\u00eddeos de cuentos cortos para ni\u00f1os con los que so\u00f1ar e imaginar\" width=\"265\" height=\"122\" \/><\/a><\/p>\n<p>&nbsp;<\/p>\n","protected":false},"excerpt":{"rendered":"<p>Hola fam\u00edlies!<br \/>\nAquest trimestre, els nens i les nenes d&#8217;I5, hem continuat amb l&#8217;activitat del &#8220;Petit Contacontes&#8221;.<br \/>\nEns ho hem passat molt b\u00e9 escoltant les hist\u00f2ries que explicaven els nostres companys.<br \/>\nEns voleu veure?<br \/>\n&nbsp;<br \/>\nI5A<br \/>\n<a href=\"https:\/\/photos.app.goo.gl\/AEmZtFmfBiExWnGJ7\"><\/a><br \/>\nI5B<br \/>\n<a href=\"https:\/\/photos.app.goo.gl\/KuniB9R9gLYKSxFG7\"><\/a><br \/>\n&nbsp;<\/p>\n","protected":false},"author":1,"featured_media":0,"comment_status":"open","ping_status":"closed","sticky":false,"template":"","format":"standard","meta":{"_bbp_topic_count":0,"_bbp_reply_count":0,"_bbp_total_topic_count":0,"_bbp_total_reply_count":0,"_bbp_voice_count":0,"_bbp_anonymous_reply_count":0,"_bbp_topic_count_hidden":0,"_bbp_reply_count_hidden":0,"_bbp_forum_subforum_count":0,"footnotes":""},"categories":[62,9],"tags":[],"class_list":["post-10226","post","type-post","status-publish","format-standard","hentry","category-educacio-infantil","category-p5"],"post_mailing_queue_ids":[],"_links":{"self":[{"href":"https:\/\/agora.xtec.cat\/ceipsab\/wp-json\/wp\/v2\/posts\/10226","targetHints":{"allow":["GET"]}}],"collection":[{"href":"https:\/\/agora.xtec.cat\/ceipsab\/wp-json\/wp\/v2\/posts"}],"about":[{"href":"https:\/\/agora.xtec.cat\/ceipsab\/wp-json\/wp\/v2\/types\/post"}],"author":[{"embeddable":true,"href":"https:\/\/agora.xtec.cat\/ceipsab\/wp-json\/wp\/v2\/users\/1"}],"replies":[{"embeddable":true,"href":"https:\/\/agora.xtec.cat\/ceipsab\/wp-json\/wp\/v2\/comments?post=10226"}],"version-history":[{"count":1,"href":"https:\/\/agora.xtec.cat\/ceipsab\/wp-json\/wp\/v2\/posts\/10226\/revisions"}],"predecessor-version":[{"id":10227,"href":"https:\/\/agora.xtec.cat\/ceipsab\/wp-json\/wp\/v2\/posts\/10226\/revisions\/10227"}],"wp:attachment":[{"href":"https:\/\/agora.xtec.cat\/ceipsab\/wp-json\/wp\/v2\/media?parent=10226"}],"wp:term":[{"taxonomy":"category","embeddable":true,"href":"https:\/\/agora.xtec.cat\/ceipsab\/wp-json\/wp\/v2\/categories?post=10226"},{"taxonomy":"post_tag","embeddable":true,"href":"https:\/\/agora.xtec.cat\/ceipsab\/wp-json\/wp\/v2\/tags?post=10226"}],"curies":[{"name":"wp","href":"https:\/\/api.w.org\/{rel}","templated":true}]}}