{"id":10222,"date":"2023-03-31T16:40:37","date_gmt":"2023-03-31T14:40:37","guid":{"rendered":"https:\/\/agora.xtec.cat\/ceipsab\/?p=10222"},"modified":"2023-03-31T13:04:02","modified_gmt":"2023-03-31T11:04:02","slug":"som-professionals-del-tennis","status":"publish","type":"post","link":"https:\/\/agora.xtec.cat\/ceipsab\/primaria\/cicle-mitja\/4t\/som-professionals-del-tennis\/","title":{"rendered":"Som professionals del tennis!"},"content":{"rendered":"<p>Bona tarda!!<\/p>\n<p>El passat divendres 24 de mar\u00e7, els i les alumnes de 4t vam visitar les instal\u00b7lacions de Can Salvi i vam realitzar l&#8217;\u00faltima sessi\u00f3 de tennis. Vam fer quatre jocs diferents i ens ho vam passar molt b\u00e9 amb la Carmen i el Cristian.<\/p>\n<p>Si cliqueu a la imatge, podreu veure totes les fotos de les diferents sessions de tennis.<\/p>\n<p><a href=\"https:\/\/photos.app.goo.gl\/jdrBmN7MFjWH4Sqq8\"><img decoding=\"async\" src=\"https:\/\/upload.wikimedia.org\/wikipedia\/commons\/thumb\/3\/3e\/Tennis_Racket_and_Balls.jpg\/1280px-Tennis_Racket_and_Balls.jpg\" alt=\"Archivo:Tennis Racket and Balls.jpg - Wikipedia, la enciclopedia libre\" \/><\/a><\/p>\n<p>Les i els alumnes de 4t.<\/p>\n<p>&nbsp;<\/p>\n","protected":false},"excerpt":{"rendered":"<p>Bona tarda!!<br \/>\nEl passat divendres 24 de mar\u00e7, els i les alumnes de 4t vam visitar les instal\u00b7lacions de Can Salvi i vam realitzar l&#8217;\u00faltima sessi\u00f3 de tennis. Vam fer quatre jocs diferents i ens ho vam passar molt b\u00e9 amb la Carmen i el Cristian.<br \/>\nSi&hellip;  <a href=\"https:\/\/agora.xtec.cat\/ceipsab\/primaria\/cicle-mitja\/4t\/som-professionals-del-tennis\/\" title=\"Read Som professionals del tennis!\">Llegeix m\u00e9s\u00bb<\/a><\/p>\n","protected":false},"author":1,"featured_media":0,"comment_status":"open","ping_status":"closed","sticky":false,"template":"","format":"standard","meta":{"_bbp_topic_count":0,"_bbp_reply_count":0,"_bbp_total_topic_count":0,"_bbp_total_reply_count":0,"_bbp_voice_count":0,"_bbp_anonymous_reply_count":0,"_bbp_topic_count_hidden":0,"_bbp_reply_count_hidden":0,"_bbp_forum_subforum_count":0,"footnotes":""},"categories":[13,64,66],"tags":[96,104,205,127],"class_list":["post-10222","post","type-post","status-publish","format-standard","hentry","category-4t","category-cicle-mitja","category-educacio-fisica","tag-4t","tag-ciclemitja","tag-educacio-fisica","tag-educaciofisica"],"post_mailing_queue_ids":[],"_links":{"self":[{"href":"https:\/\/agora.xtec.cat\/ceipsab\/wp-json\/wp\/v2\/posts\/10222","targetHints":{"allow":["GET"]}}],"collection":[{"href":"https:\/\/agora.xtec.cat\/ceipsab\/wp-json\/wp\/v2\/posts"}],"about":[{"href":"https:\/\/agora.xtec.cat\/ceipsab\/wp-json\/wp\/v2\/types\/post"}],"author":[{"embeddable":true,"href":"https:\/\/agora.xtec.cat\/ceipsab\/wp-json\/wp\/v2\/users\/1"}],"replies":[{"embeddable":true,"href":"https:\/\/agora.xtec.cat\/ceipsab\/wp-json\/wp\/v2\/comments?post=10222"}],"version-history":[{"count":1,"href":"https:\/\/agora.xtec.cat\/ceipsab\/wp-json\/wp\/v2\/posts\/10222\/revisions"}],"predecessor-version":[{"id":10225,"href":"https:\/\/agora.xtec.cat\/ceipsab\/wp-json\/wp\/v2\/posts\/10222\/revisions\/10225"}],"wp:attachment":[{"href":"https:\/\/agora.xtec.cat\/ceipsab\/wp-json\/wp\/v2\/media?parent=10222"}],"wp:term":[{"taxonomy":"category","embeddable":true,"href":"https:\/\/agora.xtec.cat\/ceipsab\/wp-json\/wp\/v2\/categories?post=10222"},{"taxonomy":"post_tag","embeddable":true,"href":"https:\/\/agora.xtec.cat\/ceipsab\/wp-json\/wp\/v2\/tags?post=10222"}],"curies":[{"name":"wp","href":"https:\/\/api.w.org\/{rel}","templated":true}]}}