{"id":10195,"date":"2023-03-31T08:57:20","date_gmt":"2023-03-31T06:57:20","guid":{"rendered":"https:\/\/agora.xtec.cat\/ceipsab\/?p=10195"},"modified":"2023-03-31T08:57:20","modified_gmt":"2023-03-31T06:57:20","slug":"i3-carro-descriptura","status":"publish","type":"post","link":"https:\/\/agora.xtec.cat\/ceipsab\/educacio-infantil\/p3\/i3-carro-descriptura\/","title":{"rendered":"I3 CARRO D&#8217;ESCRIPTURA"},"content":{"rendered":"<p><span style=\"font-weight: 400\">Durant aquest trimestre hem comen\u00e7at una nova activitat: el carro d&#8217;escriptura. <\/span><\/p>\n<p><span style=\"font-weight: 400\">Estem molt motivats i motivades amb el descobriment de les lletres i el carro \u00e9s una eina fant\u00e0stica per a llan\u00e7ar-nos sense &#8220;por&#8221; al m\u00f3n de l&#8217;escriptura. <\/span><\/p>\n<p><span style=\"font-weight: 400\">Doneu una ullada i cliqueu a la fotografia.<\/span><\/p>\n<p><a href=\"https:\/\/photos.app.goo.gl\/cacHuircZ6cu9ppH9\"><img loading=\"lazy\" decoding=\"async\" class=\"alignnone wp-image-10196\" src=\"https:\/\/agora.xtec.cat\/ceipsab\/wp-content\/uploads\/usu1011\/2023\/03\/CARR0-1024x861.jpg\" alt=\"\" width=\"309\" height=\"260\" srcset=\"https:\/\/agora.xtec.cat\/ceipsab\/wp-content\/uploads\/usu1011\/2023\/03\/CARR0-1024x861.jpg 1024w, https:\/\/agora.xtec.cat\/ceipsab\/wp-content\/uploads\/usu1011\/2023\/03\/CARR0-300x252.jpg 300w, https:\/\/agora.xtec.cat\/ceipsab\/wp-content\/uploads\/usu1011\/2023\/03\/CARR0-768x646.jpg 768w, https:\/\/agora.xtec.cat\/ceipsab\/wp-content\/uploads\/usu1011\/2023\/03\/CARR0-1536x1291.jpg 1536w, https:\/\/agora.xtec.cat\/ceipsab\/wp-content\/uploads\/usu1011\/2023\/03\/CARR0-2048x1722.jpg 2048w\" sizes=\"auto, (max-width: 309px) 100vw, 309px\" \/><\/a><\/p>\n<p>&nbsp;<\/p>\n","protected":false},"excerpt":{"rendered":"<p>Durant aquest trimestre hem comen\u00e7at una nova activitat: el carro d&#8217;escriptura.<br \/>\nEstem molt motivats i motivades amb el descobriment de les lletres i el carro \u00e9s una eina fant\u00e0stica per a llan\u00e7ar-nos sense &#8220;por&#8221; al m\u00f3n de l&#8217;escriptura.<br \/>\nDoneu una ullada i cliqueu a la&hellip;  <a href=\"https:\/\/agora.xtec.cat\/ceipsab\/educacio-infantil\/p3\/i3-carro-descriptura\/\" title=\"Read I3 CARRO D&#8217;ESCRIPTURA\">Llegeix m\u00e9s\u00bb<\/a><\/p>\n","protected":false},"author":48,"featured_media":10196,"comment_status":"open","ping_status":"closed","sticky":false,"template":"","format":"standard","meta":{"_bbp_topic_count":0,"_bbp_reply_count":0,"_bbp_total_topic_count":0,"_bbp_total_reply_count":0,"_bbp_voice_count":0,"_bbp_anonymous_reply_count":0,"_bbp_topic_count_hidden":0,"_bbp_reply_count_hidden":0,"_bbp_forum_subforum_count":0,"footnotes":""},"categories":[62,3],"tags":[],"class_list":["post-10195","post","type-post","status-publish","format-standard","has-post-thumbnail","hentry","category-educacio-infantil","category-p3"],"post_mailing_queue_ids":[],"_links":{"self":[{"href":"https:\/\/agora.xtec.cat\/ceipsab\/wp-json\/wp\/v2\/posts\/10195","targetHints":{"allow":["GET"]}}],"collection":[{"href":"https:\/\/agora.xtec.cat\/ceipsab\/wp-json\/wp\/v2\/posts"}],"about":[{"href":"https:\/\/agora.xtec.cat\/ceipsab\/wp-json\/wp\/v2\/types\/post"}],"author":[{"embeddable":true,"href":"https:\/\/agora.xtec.cat\/ceipsab\/wp-json\/wp\/v2\/users\/48"}],"replies":[{"embeddable":true,"href":"https:\/\/agora.xtec.cat\/ceipsab\/wp-json\/wp\/v2\/comments?post=10195"}],"version-history":[{"count":1,"href":"https:\/\/agora.xtec.cat\/ceipsab\/wp-json\/wp\/v2\/posts\/10195\/revisions"}],"predecessor-version":[{"id":10197,"href":"https:\/\/agora.xtec.cat\/ceipsab\/wp-json\/wp\/v2\/posts\/10195\/revisions\/10197"}],"wp:featuredmedia":[{"embeddable":true,"href":"https:\/\/agora.xtec.cat\/ceipsab\/wp-json\/wp\/v2\/media\/10196"}],"wp:attachment":[{"href":"https:\/\/agora.xtec.cat\/ceipsab\/wp-json\/wp\/v2\/media?parent=10195"}],"wp:term":[{"taxonomy":"category","embeddable":true,"href":"https:\/\/agora.xtec.cat\/ceipsab\/wp-json\/wp\/v2\/categories?post=10195"},{"taxonomy":"post_tag","embeddable":true,"href":"https:\/\/agora.xtec.cat\/ceipsab\/wp-json\/wp\/v2\/tags?post=10195"}],"curies":[{"name":"wp","href":"https:\/\/api.w.org\/{rel}","templated":true}]}}