{"id":10104,"date":"2023-03-29T10:39:21","date_gmt":"2023-03-29T08:39:21","guid":{"rendered":"https:\/\/agora.xtec.cat\/ceipsab\/?p=10104"},"modified":"2023-03-29T10:39:21","modified_gmt":"2023-03-29T08:39:21","slug":"taller-de-discapacitat-5e","status":"publish","type":"post","link":"https:\/\/agora.xtec.cat\/ceipsab\/primaria\/cicle-superior\/5e\/taller-de-discapacitat-5e\/","title":{"rendered":"Taller de discapacitat 5\u00e8"},"content":{"rendered":"<p>Estimades fam\u00edlies,<\/p>\n<p><span style=\"font-weight: 400\">El passat 24 de gener van vindre dues persones, una d\u2019elles amb una discapacitat. Ens van\u00a0 explicar que una persona amb discapacitat pot fer el mateix que una persona sense. Hem arribat a la conclusi\u00f3 que les persones amb discapacitat tamb\u00e9 poden fer coses importants, com per exemple: ser ballar\u00ed\/na, pilot\/a d\u2019avi\u00f3 etc&#8230; \u00e9s a dir\u00a0 FER REALITAT ELS SEUS SOMNIS!<\/span><\/p>\n<p>Us deixem algunes fotos de l&#8217;activitat!<\/p>\n<p><a href=\"https:\/\/photos.app.goo.gl\/oNnzKT6kb2tLVpPH7\"><img loading=\"lazy\" decoding=\"async\" class=\"alignnone wp-image-10094 size-full\" src=\"https:\/\/agora.xtec.cat\/ceipsab\/wp-content\/uploads\/usu1011\/2023\/03\/discapacitat.jpg\" alt=\"\" width=\"275\" height=\"183\" \/><\/a><\/p>\n<p>Alumnes de 5\u00e8<\/p>\n","protected":false},"excerpt":{"rendered":"<p>Estimades fam\u00edlies,<br \/>\nEl passat 24 de gener van vindre dues persones, una d\u2019elles amb una discapacitat. Ens van\u00a0 explicar que una persona amb discapacitat pot fer el mateix que una persona sense. Hem arribat a la conclusi\u00f3 que les persones amb discapacitat tamb\u00e9 poden fer coses&hellip;  <a href=\"https:\/\/agora.xtec.cat\/ceipsab\/primaria\/cicle-superior\/5e\/taller-de-discapacitat-5e\/\" title=\"Read Taller de discapacitat 5\u00e8\">Llegeix m\u00e9s\u00bb<\/a><\/p>\n","protected":false},"author":1,"featured_media":10094,"comment_status":"closed","ping_status":"closed","sticky":false,"template":"","format":"standard","meta":{"_bbp_topic_count":0,"_bbp_reply_count":0,"_bbp_total_topic_count":0,"_bbp_total_reply_count":0,"_bbp_voice_count":0,"_bbp_anonymous_reply_count":0,"_bbp_topic_count_hidden":0,"_bbp_reply_count_hidden":0,"_bbp_forum_subforum_count":0,"footnotes":""},"categories":[14,65],"tags":[400,319],"class_list":["post-10104","post","type-post","status-publish","format-standard","has-post-thumbnail","hentry","category-5e","category-cicle-superior","tag-discapacitat","tag-taller"],"post_mailing_queue_ids":[],"_links":{"self":[{"href":"https:\/\/agora.xtec.cat\/ceipsab\/wp-json\/wp\/v2\/posts\/10104","targetHints":{"allow":["GET"]}}],"collection":[{"href":"https:\/\/agora.xtec.cat\/ceipsab\/wp-json\/wp\/v2\/posts"}],"about":[{"href":"https:\/\/agora.xtec.cat\/ceipsab\/wp-json\/wp\/v2\/types\/post"}],"author":[{"embeddable":true,"href":"https:\/\/agora.xtec.cat\/ceipsab\/wp-json\/wp\/v2\/users\/1"}],"replies":[{"embeddable":true,"href":"https:\/\/agora.xtec.cat\/ceipsab\/wp-json\/wp\/v2\/comments?post=10104"}],"version-history":[{"count":3,"href":"https:\/\/agora.xtec.cat\/ceipsab\/wp-json\/wp\/v2\/posts\/10104\/revisions"}],"predecessor-version":[{"id":10140,"href":"https:\/\/agora.xtec.cat\/ceipsab\/wp-json\/wp\/v2\/posts\/10104\/revisions\/10140"}],"wp:featuredmedia":[{"embeddable":true,"href":"https:\/\/agora.xtec.cat\/ceipsab\/wp-json\/wp\/v2\/media\/10094"}],"wp:attachment":[{"href":"https:\/\/agora.xtec.cat\/ceipsab\/wp-json\/wp\/v2\/media?parent=10104"}],"wp:term":[{"taxonomy":"category","embeddable":true,"href":"https:\/\/agora.xtec.cat\/ceipsab\/wp-json\/wp\/v2\/categories?post=10104"},{"taxonomy":"post_tag","embeddable":true,"href":"https:\/\/agora.xtec.cat\/ceipsab\/wp-json\/wp\/v2\/tags?post=10104"}],"curies":[{"name":"wp","href":"https:\/\/api.w.org\/{rel}","templated":true}]}}