{"id":10083,"date":"2023-03-30T12:01:51","date_gmt":"2023-03-30T10:01:51","guid":{"rendered":"https:\/\/agora.xtec.cat\/ceipsab\/?p=10083"},"modified":"2023-03-30T12:03:33","modified_gmt":"2023-03-30T10:03:33","slug":"cami-del-riu","status":"publish","type":"post","link":"https:\/\/agora.xtec.cat\/ceipsab\/primaria\/cicle-inicial\/1r\/cami-del-riu\/","title":{"rendered":"Primer camina al costat del Riu Llobregat"},"content":{"rendered":"<p>Hola fam\u00edlies,<\/p>\n<p>Ahir vam anar\u00a0 \u00a0d&#8217;excursi\u00f3 al cam\u00ed del riu Llobregat per arribar a Pallej\u00e0. Durant tot el cam\u00ed ens ho vam passar molt b\u00e9 perqu\u00e8 vam veure els \u00e0necs, tortugues, vam observar el paisatge i vam tenir una sorpresa: vam veure un crani de gos!!\u00a0 En un tros del cam\u00ed, quan veiem els camions, els deiem que toquessin els cl\u00e0xons i ho feien per saludar-nos.<\/p>\n<p>A Pallej\u00e0 vam anar a un parc on hi havia un vaixell pirata i tamb\u00e9 hi havia gronxadors i anelles. All\u00e0 ens ho vam passar genial jugant<\/p>\n<p>La nostra tornada caminant va ser mooooolt llarga i calurosa!!!<\/p>\n<p>Mireu les fotos de la nostra sortida!<\/p>\n<p>Adeu families<\/p>\n<p>Escrit per la classe dels Encanto i els Simba.<\/p>\n<p><a href=\"https:\/\/photos.app.goo.gl\/QBtKNV3UREt73FwN6\"><img loading=\"lazy\" decoding=\"async\" class=\"\" src=\"https:\/\/3.bp.blogspot.com\/-cBYTvf3lhpI\/Wx0UZIwTyxI\/AAAAAAABD5s\/4-Qj5bUJvnktMJqyWbp3urfrVHCe_ytOwCKgBGAs\/s1600\/cami_llobregat%2B%25287%2529.JPG\" alt=\"Cam\u00ed del Llobregat | De Martorell a Pallej\u00e0\" width=\"330\" height=\"248\" \/><\/a><\/p>\n","protected":false},"excerpt":{"rendered":"<p>Hola fam\u00edlies,<br \/>\nAhir vam anar\u00a0 \u00a0d&#8217;excursi\u00f3 al cam\u00ed del riu Llobregat per arribar a Pallej\u00e0. Durant tot el cam\u00ed ens ho vam passar molt b\u00e9 perqu\u00e8 vam veure els \u00e0necs, tortugues, vam observar el paisatge i vam tenir una sorpresa: vam veure un crani de gos!!\u00a0&hellip;  <a href=\"https:\/\/agora.xtec.cat\/ceipsab\/primaria\/cicle-inicial\/1r\/cami-del-riu\/\" title=\"Read Primer camina al costat del Riu Llobregat\">Llegeix m\u00e9s\u00bb<\/a><\/p>\n","protected":false},"author":51,"featured_media":0,"comment_status":"open","ping_status":"closed","sticky":false,"template":"","format":"standard","meta":{"_bbp_topic_count":0,"_bbp_reply_count":0,"_bbp_total_topic_count":0,"_bbp_total_reply_count":0,"_bbp_voice_count":0,"_bbp_anonymous_reply_count":0,"_bbp_topic_count_hidden":0,"_bbp_reply_count_hidden":0,"_bbp_forum_subforum_count":0,"footnotes":""},"categories":[10,63,66],"tags":[],"class_list":["post-10083","post","type-post","status-publish","format-standard","hentry","category-1r","category-cicle-inicial","category-educacio-fisica"],"post_mailing_queue_ids":[],"_links":{"self":[{"href":"https:\/\/agora.xtec.cat\/ceipsab\/wp-json\/wp\/v2\/posts\/10083","targetHints":{"allow":["GET"]}}],"collection":[{"href":"https:\/\/agora.xtec.cat\/ceipsab\/wp-json\/wp\/v2\/posts"}],"about":[{"href":"https:\/\/agora.xtec.cat\/ceipsab\/wp-json\/wp\/v2\/types\/post"}],"author":[{"embeddable":true,"href":"https:\/\/agora.xtec.cat\/ceipsab\/wp-json\/wp\/v2\/users\/51"}],"replies":[{"embeddable":true,"href":"https:\/\/agora.xtec.cat\/ceipsab\/wp-json\/wp\/v2\/comments?post=10083"}],"version-history":[{"count":3,"href":"https:\/\/agora.xtec.cat\/ceipsab\/wp-json\/wp\/v2\/posts\/10083\/revisions"}],"predecessor-version":[{"id":10188,"href":"https:\/\/agora.xtec.cat\/ceipsab\/wp-json\/wp\/v2\/posts\/10083\/revisions\/10188"}],"wp:attachment":[{"href":"https:\/\/agora.xtec.cat\/ceipsab\/wp-json\/wp\/v2\/media?parent=10083"}],"wp:term":[{"taxonomy":"category","embeddable":true,"href":"https:\/\/agora.xtec.cat\/ceipsab\/wp-json\/wp\/v2\/categories?post=10083"},{"taxonomy":"post_tag","embeddable":true,"href":"https:\/\/agora.xtec.cat\/ceipsab\/wp-json\/wp\/v2\/tags?post=10083"}],"curies":[{"name":"wp","href":"https:\/\/api.w.org\/{rel}","templated":true}]}}