{"id":10073,"date":"2023-03-28T12:48:46","date_gmt":"2023-03-28T10:48:46","guid":{"rendered":"https:\/\/agora.xtec.cat\/ceipsab\/?p=10073"},"modified":"2023-03-28T12:48:46","modified_gmt":"2023-03-28T10:48:46","slug":"coneixem-van-gogh","status":"publish","type":"post","link":"https:\/\/agora.xtec.cat\/ceipsab\/primaria\/cicle-inicial\/1r\/coneixem-van-gogh\/","title":{"rendered":"CONEIXEM VAN GOGH"},"content":{"rendered":"<p>A pl\u00e0stica hem treballat les obres de Van Gogh. Primer vam con\u00e8ixer la seva vida, vam descobrir que tot i que ara \u00e9s molt important quan estava viu nom\u00e9s va vendre un quadre. Tamb\u00e9 sabem que feia molts autorretrats perqu\u00e8 no tenia diners per pagar a models. Li agrada molt pintar paisatges com &#8220;La nit estelada&#8221;. Una cosa que ens va posar tristos \u00e9s saber que es va tallar una orella.<\/p>\n<p>Ens hem convertits en Van Gogh, per\u00f2 amb dues orelles, i hem recreat la seva obra de &#8220;Els gira-sols&#8221; i &#8220;Els lliris&#8221;.<\/p>\n<p>Ens han quedat xul\u00edssims!<\/p>\n<p>Escrit pels nens de la classe de Simba i Encanto<\/p>\n<p><a href=\"https:\/\/photos.app.goo.gl\/TgTXSyA7XSkhkBv49\"><img loading=\"lazy\" decoding=\"async\" class=\"wp-image-10079 aligncenter\" src=\"https:\/\/agora.xtec.cat\/ceipsab\/wp-content\/uploads\/usu1011\/2023\/03\/IMG_2516-1024x512.jpg\" alt=\"\" width=\"462\" height=\"231\" srcset=\"https:\/\/agora.xtec.cat\/ceipsab\/wp-content\/uploads\/usu1011\/2023\/03\/IMG_2516-1024x512.jpg 1024w, https:\/\/agora.xtec.cat\/ceipsab\/wp-content\/uploads\/usu1011\/2023\/03\/IMG_2516-300x150.jpg 300w, https:\/\/agora.xtec.cat\/ceipsab\/wp-content\/uploads\/usu1011\/2023\/03\/IMG_2516-768x384.jpg 768w, https:\/\/agora.xtec.cat\/ceipsab\/wp-content\/uploads\/usu1011\/2023\/03\/IMG_2516-1536x768.jpg 1536w, https:\/\/agora.xtec.cat\/ceipsab\/wp-content\/uploads\/usu1011\/2023\/03\/IMG_2516-2048x1025.jpg 2048w\" sizes=\"auto, (max-width: 462px) 100vw, 462px\" \/><\/a><\/p>\n<p>&nbsp;<\/p>\n","protected":false},"excerpt":{"rendered":"<p>A pl\u00e0stica hem treballat les obres de Van Gogh. Primer vam con\u00e8ixer la seva vida, vam descobrir que tot i que ara \u00e9s molt important quan estava viu nom\u00e9s va vendre un quadre. Tamb\u00e9 sabem que feia molts autorretrats perqu\u00e8 no tenia diners per pagar&hellip;  <a href=\"https:\/\/agora.xtec.cat\/ceipsab\/primaria\/cicle-inicial\/1r\/coneixem-van-gogh\/\" title=\"Read CONEIXEM VAN GOGH\">Llegeix m\u00e9s\u00bb<\/a><\/p>\n","protected":false},"author":14,"featured_media":0,"comment_status":"open","ping_status":"closed","sticky":false,"template":"","format":"standard","meta":{"_bbp_topic_count":0,"_bbp_reply_count":0,"_bbp_total_topic_count":0,"_bbp_total_reply_count":0,"_bbp_voice_count":0,"_bbp_anonymous_reply_count":0,"_bbp_topic_count_hidden":0,"_bbp_reply_count_hidden":0,"_bbp_forum_subforum_count":0,"footnotes":""},"categories":[10,63],"tags":[],"class_list":["post-10073","post","type-post","status-publish","format-standard","hentry","category-1r","category-cicle-inicial"],"post_mailing_queue_ids":[],"_links":{"self":[{"href":"https:\/\/agora.xtec.cat\/ceipsab\/wp-json\/wp\/v2\/posts\/10073","targetHints":{"allow":["GET"]}}],"collection":[{"href":"https:\/\/agora.xtec.cat\/ceipsab\/wp-json\/wp\/v2\/posts"}],"about":[{"href":"https:\/\/agora.xtec.cat\/ceipsab\/wp-json\/wp\/v2\/types\/post"}],"author":[{"embeddable":true,"href":"https:\/\/agora.xtec.cat\/ceipsab\/wp-json\/wp\/v2\/users\/14"}],"replies":[{"embeddable":true,"href":"https:\/\/agora.xtec.cat\/ceipsab\/wp-json\/wp\/v2\/comments?post=10073"}],"version-history":[{"count":2,"href":"https:\/\/agora.xtec.cat\/ceipsab\/wp-json\/wp\/v2\/posts\/10073\/revisions"}],"predecessor-version":[{"id":10081,"href":"https:\/\/agora.xtec.cat\/ceipsab\/wp-json\/wp\/v2\/posts\/10073\/revisions\/10081"}],"wp:attachment":[{"href":"https:\/\/agora.xtec.cat\/ceipsab\/wp-json\/wp\/v2\/media?parent=10073"}],"wp:term":[{"taxonomy":"category","embeddable":true,"href":"https:\/\/agora.xtec.cat\/ceipsab\/wp-json\/wp\/v2\/categories?post=10073"},{"taxonomy":"post_tag","embeddable":true,"href":"https:\/\/agora.xtec.cat\/ceipsab\/wp-json\/wp\/v2\/tags?post=10073"}],"curies":[{"name":"wp","href":"https:\/\/api.w.org\/{rel}","templated":true}]}}