{"id":10071,"date":"2023-03-28T12:41:44","date_gmt":"2023-03-28T10:41:44","guid":{"rendered":"https:\/\/agora.xtec.cat\/ceipsab\/?p=10071"},"modified":"2023-03-28T12:41:44","modified_gmt":"2023-03-28T10:41:44","slug":"hem-treballat-els-sentits-a-primer","status":"publish","type":"post","link":"https:\/\/agora.xtec.cat\/ceipsab\/primaria\/cicle-inicial\/1r\/hem-treballat-els-sentits-a-primer\/","title":{"rendered":"HEM TREBALLAT ELS SENTITS A PRIMER"},"content":{"rendered":"<p>Hola pares i mares,<\/p>\n<p>Fa uns dies hem comen\u00e7at a treballar els sentits. Hem fet un experiment on hem treballat el gust i l&#8217;olfacte. Vam descobrir que la xocolata del 99% \u00e9s amarga, que les crispetes eren salades i bon\u00edssimes, que la llimona era \u00e0cida i que el sucre \u00e9s dol\u00e7.<\/p>\n<p>Amb l&#8217;olfacte hem descobert que hi han coses que oloren b\u00e9 com la col\u00f2nia, la lavanda i la menta, i altres que no tant com la sardina, el formatge blau i el vinagre.<\/p>\n<p>Tamb\u00e9 hem treballat l&#8217;o\u00efde escoltant sons de la natura i la ciutat. Amb el tacte vam posar la m\u00e0 dintre d&#8217;una caixa i vam descobrir que era sense mirar. Amb la vista vam fer un joc de trobar objectes perduts.<\/p>\n<p>Utilitzeu la vostra vista per gaudir de les fotos.<\/p>\n<p>Escrit pels nens i nenes de Simba i Encanto.<\/p>\n<p><a href=\"https:\/\/photos.app.goo.gl\/F12hcoVoXymAXxoJ8\"><img loading=\"lazy\" decoding=\"async\" class=\"aligncenter\" src=\"https:\/\/sites.google.com\/a\/fedac.cat\/el-raco-de-la-lluna\/_\/rsrc\/1413646353531\/medi\/u-1-el-cos-huma\/el-tacte\/5.jpg\" alt=\"3. THE FIVE SENSES (Els cinc sentits) - EL RAC\u00d3 DE LA LLUNA\" width=\"471\" height=\"123\" \/><\/a><\/p>\n","protected":false},"excerpt":{"rendered":"<p>Hola pares i mares,<br \/>\nFa uns dies hem comen\u00e7at a treballar els sentits. Hem fet un experiment on hem treballat el gust i l&#8217;olfacte. Vam descobrir que la xocolata del 99% \u00e9s amarga, que les crispetes eren salades i bon\u00edssimes, que la llimona era \u00e0cida i&hellip;  <a href=\"https:\/\/agora.xtec.cat\/ceipsab\/primaria\/cicle-inicial\/1r\/hem-treballat-els-sentits-a-primer\/\" title=\"Read HEM TREBALLAT ELS SENTITS A PRIMER\">Llegeix m\u00e9s\u00bb<\/a><\/p>\n","protected":false},"author":14,"featured_media":0,"comment_status":"open","ping_status":"closed","sticky":false,"template":"","format":"standard","meta":{"_bbp_topic_count":0,"_bbp_reply_count":0,"_bbp_total_topic_count":0,"_bbp_total_reply_count":0,"_bbp_voice_count":0,"_bbp_anonymous_reply_count":0,"_bbp_topic_count_hidden":0,"_bbp_reply_count_hidden":0,"_bbp_forum_subforum_count":0,"footnotes":""},"categories":[10,63],"tags":[],"class_list":["post-10071","post","type-post","status-publish","format-standard","hentry","category-1r","category-cicle-inicial"],"post_mailing_queue_ids":[],"_links":{"self":[{"href":"https:\/\/agora.xtec.cat\/ceipsab\/wp-json\/wp\/v2\/posts\/10071","targetHints":{"allow":["GET"]}}],"collection":[{"href":"https:\/\/agora.xtec.cat\/ceipsab\/wp-json\/wp\/v2\/posts"}],"about":[{"href":"https:\/\/agora.xtec.cat\/ceipsab\/wp-json\/wp\/v2\/types\/post"}],"author":[{"embeddable":true,"href":"https:\/\/agora.xtec.cat\/ceipsab\/wp-json\/wp\/v2\/users\/14"}],"replies":[{"embeddable":true,"href":"https:\/\/agora.xtec.cat\/ceipsab\/wp-json\/wp\/v2\/comments?post=10071"}],"version-history":[{"count":2,"href":"https:\/\/agora.xtec.cat\/ceipsab\/wp-json\/wp\/v2\/posts\/10071\/revisions"}],"predecessor-version":[{"id":10077,"href":"https:\/\/agora.xtec.cat\/ceipsab\/wp-json\/wp\/v2\/posts\/10071\/revisions\/10077"}],"wp:attachment":[{"href":"https:\/\/agora.xtec.cat\/ceipsab\/wp-json\/wp\/v2\/media?parent=10071"}],"wp:term":[{"taxonomy":"category","embeddable":true,"href":"https:\/\/agora.xtec.cat\/ceipsab\/wp-json\/wp\/v2\/categories?post=10071"},{"taxonomy":"post_tag","embeddable":true,"href":"https:\/\/agora.xtec.cat\/ceipsab\/wp-json\/wp\/v2\/tags?post=10071"}],"curies":[{"name":"wp","href":"https:\/\/api.w.org\/{rel}","templated":true}]}}