{"id":10068,"date":"2023-03-28T12:38:18","date_gmt":"2023-03-28T10:38:18","guid":{"rendered":"https:\/\/agora.xtec.cat\/ceipsab\/?p=10068"},"modified":"2023-03-28T12:38:18","modified_gmt":"2023-03-28T10:38:18","slug":"a-primer-treballem-la-prehistoria","status":"publish","type":"post","link":"https:\/\/agora.xtec.cat\/ceipsab\/primaria\/cicle-inicial\/1r\/a-primer-treballem-la-prehistoria\/","title":{"rendered":"A PRIMER TREBALLEM LA PREHIST\u00d2RIA"},"content":{"rendered":"<p>Hola fam\u00edlies,<\/p>\n<p>Durant aquest trimestre hem estat treballant la prehist\u00f2ria. Hem descobert les tres etapes: paleol\u00edtic, neol\u00edtic i edat dels metalls. Ens hem convertit en prehist\u00f2rics, hem pintat pintures rupestres i ens hem vestit com ells. Amb tot aix\u00f2 hem fet una cova.<\/p>\n<p>Hem apr\u00e8s moltes coses i ens ho hem passat genial.<\/p>\n<p>Disfruteu de les fotos!<\/p>\n<p>Escrit per la classe de Simba i Encato.<\/p>\n<p><a href=\"https:\/\/photos.app.goo.gl\/uSFbWAz7dHLEBDrJ8\"><img loading=\"lazy\" decoding=\"async\" class=\"wp-image-10069 aligncenter\" src=\"https:\/\/agora.xtec.cat\/ceipsab\/wp-content\/uploads\/usu1011\/2023\/03\/IMG_2201-1024x768.jpg\" alt=\"\" width=\"375\" height=\"281\" srcset=\"https:\/\/agora.xtec.cat\/ceipsab\/wp-content\/uploads\/usu1011\/2023\/03\/IMG_2201-1024x768.jpg 1024w, https:\/\/agora.xtec.cat\/ceipsab\/wp-content\/uploads\/usu1011\/2023\/03\/IMG_2201-300x225.jpg 300w, https:\/\/agora.xtec.cat\/ceipsab\/wp-content\/uploads\/usu1011\/2023\/03\/IMG_2201-768x576.jpg 768w, https:\/\/agora.xtec.cat\/ceipsab\/wp-content\/uploads\/usu1011\/2023\/03\/IMG_2201-1536x1152.jpg 1536w, https:\/\/agora.xtec.cat\/ceipsab\/wp-content\/uploads\/usu1011\/2023\/03\/IMG_2201-2048x1536.jpg 2048w, https:\/\/agora.xtec.cat\/ceipsab\/wp-content\/uploads\/usu1011\/2023\/03\/IMG_2201-200x150.jpg 200w\" sizes=\"auto, (max-width: 375px) 100vw, 375px\" \/><\/a><\/p>\n","protected":false},"excerpt":{"rendered":"<p>Hola fam\u00edlies,<br \/>\nDurant aquest trimestre hem estat treballant la prehist\u00f2ria. Hem descobert les tres etapes: paleol\u00edtic, neol\u00edtic i edat dels metalls. Ens hem convertit en prehist\u00f2rics, hem pintat pintures rupestres i ens hem vestit com ells. Amb tot aix\u00f2 hem fet una cova.<br \/>\nHem apr\u00e8s moltes coses&hellip;  <a href=\"https:\/\/agora.xtec.cat\/ceipsab\/primaria\/cicle-inicial\/1r\/a-primer-treballem-la-prehistoria\/\" title=\"Read A PRIMER TREBALLEM LA PREHIST\u00d2RIA\">Llegeix m\u00e9s\u00bb<\/a><\/p>\n","protected":false},"author":14,"featured_media":0,"comment_status":"open","ping_status":"closed","sticky":false,"template":"","format":"standard","meta":{"_bbp_topic_count":0,"_bbp_reply_count":0,"_bbp_total_topic_count":0,"_bbp_total_reply_count":0,"_bbp_voice_count":0,"_bbp_anonymous_reply_count":0,"_bbp_topic_count_hidden":0,"_bbp_reply_count_hidden":0,"_bbp_forum_subforum_count":0,"footnotes":""},"categories":[10,63],"tags":[],"class_list":["post-10068","post","type-post","status-publish","format-standard","hentry","category-1r","category-cicle-inicial"],"post_mailing_queue_ids":[],"_links":{"self":[{"href":"https:\/\/agora.xtec.cat\/ceipsab\/wp-json\/wp\/v2\/posts\/10068","targetHints":{"allow":["GET"]}}],"collection":[{"href":"https:\/\/agora.xtec.cat\/ceipsab\/wp-json\/wp\/v2\/posts"}],"about":[{"href":"https:\/\/agora.xtec.cat\/ceipsab\/wp-json\/wp\/v2\/types\/post"}],"author":[{"embeddable":true,"href":"https:\/\/agora.xtec.cat\/ceipsab\/wp-json\/wp\/v2\/users\/14"}],"replies":[{"embeddable":true,"href":"https:\/\/agora.xtec.cat\/ceipsab\/wp-json\/wp\/v2\/comments?post=10068"}],"version-history":[{"count":2,"href":"https:\/\/agora.xtec.cat\/ceipsab\/wp-json\/wp\/v2\/posts\/10068\/revisions"}],"predecessor-version":[{"id":10075,"href":"https:\/\/agora.xtec.cat\/ceipsab\/wp-json\/wp\/v2\/posts\/10068\/revisions\/10075"}],"wp:attachment":[{"href":"https:\/\/agora.xtec.cat\/ceipsab\/wp-json\/wp\/v2\/media?parent=10068"}],"wp:term":[{"taxonomy":"category","embeddable":true,"href":"https:\/\/agora.xtec.cat\/ceipsab\/wp-json\/wp\/v2\/categories?post=10068"},{"taxonomy":"post_tag","embeddable":true,"href":"https:\/\/agora.xtec.cat\/ceipsab\/wp-json\/wp\/v2\/tags?post=10068"}],"curies":[{"name":"wp","href":"https:\/\/api.w.org\/{rel}","templated":true}]}}