{"id":10050,"date":"2023-03-22T19:10:10","date_gmt":"2023-03-22T18:10:10","guid":{"rendered":"https:\/\/agora.xtec.cat\/ceipsab\/?p=10050"},"modified":"2023-03-22T19:10:10","modified_gmt":"2023-03-22T18:10:10","slug":"lalumnat-de-2n-surt-al-cami-del-riu","status":"publish","type":"post","link":"https:\/\/agora.xtec.cat\/ceipsab\/primaria\/lalumnat-de-2n-surt-al-cami-del-riu\/","title":{"rendered":"L&#8217;ALUMNAT DE 2n SURT AL CAM\u00cd DEL RIU"},"content":{"rendered":"<p>Les i els alumnes de 2n hem caminat de valent de Sant Andreu de la Barca a Pallej\u00e0, anada i tornada, i hem descobert un entorn magn\u00edfic i saludable, amb una flora i una fauna remarcable.<\/p>\n<p>L&#8217;esmorzar, a m\u00e9s, ha estat molt maco, i hem pogut jugar i gaudir molt\u00edssim.<\/p>\n<p>Gaudiu amb nosaltres visualitzant les fotos!<a href=\"https:\/\/photos.app.goo.gl\/A67M8Lugy36oB6xp8\"><img loading=\"lazy\" decoding=\"async\" class=\"alignnone size-large wp-image-10051\" src=\"https:\/\/agora.xtec.cat\/ceipsab\/wp-content\/uploads\/usu1011\/2023\/03\/P1060305-1024x768.jpg\" alt=\"\" width=\"1024\" height=\"768\" srcset=\"https:\/\/agora.xtec.cat\/ceipsab\/wp-content\/uploads\/usu1011\/2023\/03\/P1060305-1024x768.jpg 1024w, https:\/\/agora.xtec.cat\/ceipsab\/wp-content\/uploads\/usu1011\/2023\/03\/P1060305-300x225.jpg 300w, https:\/\/agora.xtec.cat\/ceipsab\/wp-content\/uploads\/usu1011\/2023\/03\/P1060305-768x576.jpg 768w, https:\/\/agora.xtec.cat\/ceipsab\/wp-content\/uploads\/usu1011\/2023\/03\/P1060305-1536x1152.jpg 1536w, https:\/\/agora.xtec.cat\/ceipsab\/wp-content\/uploads\/usu1011\/2023\/03\/P1060305-200x150.jpg 200w, https:\/\/agora.xtec.cat\/ceipsab\/wp-content\/uploads\/usu1011\/2023\/03\/P1060305.jpg 1600w\" sizes=\"auto, (max-width: 1024px) 100vw, 1024px\" \/><\/a><\/p>\n","protected":false},"excerpt":{"rendered":"<p>Les i els alumnes de 2n hem caminat de valent de Sant Andreu de la Barca a Pallej\u00e0, anada i tornada, i hem descobert un entorn magn\u00edfic i saludable, amb una flora i una fauna remarcable.<br \/>\nL&#8217;esmorzar, a m\u00e9s, ha estat molt maco, i hem pogut&hellip;  <a href=\"https:\/\/agora.xtec.cat\/ceipsab\/primaria\/lalumnat-de-2n-surt-al-cami-del-riu\/\" title=\"Read L&#8217;ALUMNAT DE 2n SURT AL CAM\u00cd DEL RIU\">Llegeix m\u00e9s\u00bb<\/a><\/p>\n","protected":false},"author":1,"featured_media":10051,"comment_status":"open","ping_status":"closed","sticky":false,"template":"","format":"standard","meta":{"_bbp_topic_count":0,"_bbp_reply_count":0,"_bbp_total_topic_count":0,"_bbp_total_reply_count":0,"_bbp_voice_count":0,"_bbp_anonymous_reply_count":0,"_bbp_topic_count_hidden":0,"_bbp_reply_count_hidden":0,"_bbp_forum_subforum_count":0,"footnotes":""},"categories":[11,63,66,5],"tags":[127,394,114,395],"class_list":["post-10050","post","type-post","status-publish","format-standard","has-post-thumbnail","hentry","category-2n","category-cicle-inicial","category-educacio-fisica","category-primaria","tag-educaciofisica","tag-entornmaco","tag-escolasab","tag-segonhopeta"],"post_mailing_queue_ids":[],"_links":{"self":[{"href":"https:\/\/agora.xtec.cat\/ceipsab\/wp-json\/wp\/v2\/posts\/10050","targetHints":{"allow":["GET"]}}],"collection":[{"href":"https:\/\/agora.xtec.cat\/ceipsab\/wp-json\/wp\/v2\/posts"}],"about":[{"href":"https:\/\/agora.xtec.cat\/ceipsab\/wp-json\/wp\/v2\/types\/post"}],"author":[{"embeddable":true,"href":"https:\/\/agora.xtec.cat\/ceipsab\/wp-json\/wp\/v2\/users\/1"}],"replies":[{"embeddable":true,"href":"https:\/\/agora.xtec.cat\/ceipsab\/wp-json\/wp\/v2\/comments?post=10050"}],"version-history":[{"count":1,"href":"https:\/\/agora.xtec.cat\/ceipsab\/wp-json\/wp\/v2\/posts\/10050\/revisions"}],"predecessor-version":[{"id":10052,"href":"https:\/\/agora.xtec.cat\/ceipsab\/wp-json\/wp\/v2\/posts\/10050\/revisions\/10052"}],"wp:featuredmedia":[{"embeddable":true,"href":"https:\/\/agora.xtec.cat\/ceipsab\/wp-json\/wp\/v2\/media\/10051"}],"wp:attachment":[{"href":"https:\/\/agora.xtec.cat\/ceipsab\/wp-json\/wp\/v2\/media?parent=10050"}],"wp:term":[{"taxonomy":"category","embeddable":true,"href":"https:\/\/agora.xtec.cat\/ceipsab\/wp-json\/wp\/v2\/categories?post=10050"},{"taxonomy":"post_tag","embeddable":true,"href":"https:\/\/agora.xtec.cat\/ceipsab\/wp-json\/wp\/v2\/tags?post=10050"}],"curies":[{"name":"wp","href":"https:\/\/api.w.org\/{rel}","templated":true}]}}