{"id":10006,"date":"2023-02-27T15:39:26","date_gmt":"2023-02-27T14:39:26","guid":{"rendered":"https:\/\/agora.xtec.cat\/ceipsab\/?p=10006"},"modified":"2023-04-25T08:36:00","modified_gmt":"2023-04-25T06:36:00","slug":"preinscripcio-curs-2023-2024-informacio-i-dates-importants","status":"publish","type":"post","link":"https:\/\/agora.xtec.cat\/ceipsab\/portada\/preinscripcio-curs-2023-2024-informacio-i-dates-importants\/","title":{"rendered":"PREINSCRIPCI\u00d3 CURS 2023-2024 \u2013 INFORMACI\u00d3 I DATES IMPORTANTS"},"content":{"rendered":"<p>Benvolgudes fam\u00edlies,<\/p>\n<p>La preinscripci\u00f3 \u00e9s el tr\u00e0mit que cal fer per ser adm\u00e8s per primera vegada en qualsevol centre p\u00fablic i quan es vol canviar de centre. Els alumnes que continuen escolaritzats en el mateix centre no han de participar en el proc\u00e9s de preinscripci\u00f3.<\/p>\n<p>Per fer la preinscripci\u00f3 cal:<\/p>\n<ul>\n<li aria-level=\"1\">Con\u00e8ixer el<a href=\"https:\/\/preinscripcio.gencat.cat\/ca\/estudis\/infantil-3-6\/informat\/calendari\/\">\u00a0calendari<\/a> del proc\u00e9s. Preinscripci\u00f3 de 6 al 20 de mar\u00e7.<\/li>\n<li aria-level=\"1\">Con\u00e8ixer els<a href=\"https:\/\/preinscripcio.gencat.cat\/ca\/estudis\/infantil-3-6\/informat\/criteris-assignacio\/\">\u00a0criteris de prioritat<\/a>\u00a0amb qu\u00e8 s\u2019ordenen les sol\u00b7licituds (i la documentaci\u00f3 que els acredita),<\/li>\n<li aria-level=\"1\"><a href=\"https:\/\/agora.xtec.cat\/ceipsab\/wp-content\/uploads\/usu1011\/2021\/02\/MAPA_-PREINSCRIPCI%C3%93.pdf\">Mapa d\u2019influ\u00e8ncia.\u00a0 \u00a0La zona B color rosa.<\/a><\/li>\n<li aria-level=\"1\">Presentar la sol\u00b7licitud i la\u00a0<a href=\"https:\/\/preinscripcio.gencat.cat\/ca\/estudis\/infantil-3-6\/informat\/prepara-documentacio\/\">documentaci\u00f3<\/a>\u00a0(nom\u00e9s una sol\u00b7licitud per alumne en qu\u00e8 constin els diversos centres per ordre de prefer\u00e8ncia),<\/li>\n<li aria-level=\"1\">Consultar els resultats de la preinscripci\u00f3 quan es publiquin el llistat amb la puntuaci\u00f3 provisional i, posteriorment, el llistat amb la puntuaci\u00f3 definitiva un cop resoltes les reclamacions.<\/li>\n<li aria-level=\"1\">Consultar el centre assignat i fer la matr\u00edcula.<\/li>\n<\/ul>\n<p>Enguany la sol\u00b7licitud de\u00a0<strong>preinscripci\u00f3 \u00e9s electr\u00f2nica<\/strong> i es pot fer des de qualsevol ordinador, tauleta o m\u00f2bil amb connexi\u00f3 a Internet, accedint al web <a href=\"https:\/\/preinscripcio.gencat.cat\/ca\/estudis\/infantil-3-6\/inici\/\">https:\/\/preinscripcio.gencat.cat\/ca\/estudis\/infantil-3-6\/inici\/<\/a><\/p>\n<p>https:\/\/youtu.be\/5DvAVUSNLCQ<\/p>\n<p>Per a dubtes podeu enviar un correu a\u00a0<strong>escolasantandreudelabarca@esab.cat<\/strong><\/p>\n<p>O trucant al tel\u00e8fon\u00a0<strong>93 682 83 44<\/strong>.<\/p>\n","protected":false},"excerpt":{"rendered":"<p>Benvolgudes fam\u00edlies,<br \/>\nLa preinscripci\u00f3 \u00e9s el tr\u00e0mit que cal fer per ser adm\u00e8s per primera vegada en qualsevol centre p\u00fablic i quan es vol canviar de centre. Els alumnes que continuen escolaritzats en el mateix centre no han de participar en el proc\u00e9s de preinscripci\u00f3.<br \/>\nPer fer&hellip;  <a href=\"https:\/\/agora.xtec.cat\/ceipsab\/portada\/preinscripcio-curs-2023-2024-informacio-i-dates-importants\/\" title=\"Read PREINSCRIPCI\u00d3 CURS 2023-2024 \u2013 INFORMACI\u00d3 I DATES IMPORTANTS\">Llegeix m\u00e9s\u00bb<\/a><\/p>\n","protected":false},"author":3,"featured_media":10013,"comment_status":"open","ping_status":"closed","sticky":false,"template":"","format":"standard","meta":{"_bbp_topic_count":0,"_bbp_reply_count":0,"_bbp_total_topic_count":0,"_bbp_total_reply_count":0,"_bbp_voice_count":0,"_bbp_anonymous_reply_count":0,"_bbp_topic_count_hidden":0,"_bbp_reply_count_hidden":0,"_bbp_forum_subforum_count":0,"footnotes":""},"categories":[4],"tags":[],"class_list":["post-10006","post","type-post","status-publish","format-standard","has-post-thumbnail","hentry","category-portada"],"post_mailing_queue_ids":[],"_links":{"self":[{"href":"https:\/\/agora.xtec.cat\/ceipsab\/wp-json\/wp\/v2\/posts\/10006","targetHints":{"allow":["GET"]}}],"collection":[{"href":"https:\/\/agora.xtec.cat\/ceipsab\/wp-json\/wp\/v2\/posts"}],"about":[{"href":"https:\/\/agora.xtec.cat\/ceipsab\/wp-json\/wp\/v2\/types\/post"}],"author":[{"embeddable":true,"href":"https:\/\/agora.xtec.cat\/ceipsab\/wp-json\/wp\/v2\/users\/3"}],"replies":[{"embeddable":true,"href":"https:\/\/agora.xtec.cat\/ceipsab\/wp-json\/wp\/v2\/comments?post=10006"}],"version-history":[{"count":3,"href":"https:\/\/agora.xtec.cat\/ceipsab\/wp-json\/wp\/v2\/posts\/10006\/revisions"}],"predecessor-version":[{"id":10012,"href":"https:\/\/agora.xtec.cat\/ceipsab\/wp-json\/wp\/v2\/posts\/10006\/revisions\/10012"}],"wp:featuredmedia":[{"embeddable":true,"href":"https:\/\/agora.xtec.cat\/ceipsab\/wp-json\/wp\/v2\/media\/10013"}],"wp:attachment":[{"href":"https:\/\/agora.xtec.cat\/ceipsab\/wp-json\/wp\/v2\/media?parent=10006"}],"wp:term":[{"taxonomy":"category","embeddable":true,"href":"https:\/\/agora.xtec.cat\/ceipsab\/wp-json\/wp\/v2\/categories?post=10006"},{"taxonomy":"post_tag","embeddable":true,"href":"https:\/\/agora.xtec.cat\/ceipsab\/wp-json\/wp\/v2\/tags?post=10006"}],"curies":[{"name":"wp","href":"https:\/\/api.w.org\/{rel}","templated":true}]}}