{"id":2012,"date":"2026-02-06T09:47:46","date_gmt":"2026-02-06T08:47:46","guid":{"rendered":"https:\/\/agora.xtec.cat\/ceiprossendmontane\/?p=2012"},"modified":"2026-02-06T09:47:46","modified_gmt":"2026-02-06T08:47:46","slug":"setmana-gaudi","status":"publish","type":"post","link":"https:\/\/agora.xtec.cat\/ceiprossendmontane\/portada\/general\/setmana-gaudi\/","title":{"rendered":"SETMANA GAUD\u00cd"},"content":{"rendered":"<p><img loading=\"lazy\" decoding=\"async\" class=\"aligncenter size-full wp-image-2016\" src=\"https:\/\/agora.xtec.cat\/ceiprossendmontane\/wp-content\/uploads\/usu2330\/2026\/02\/SETMANA-GAUDI.png\" alt=\"\" width=\"1000\" height=\"707\" \/><\/p>\n<p>La setmana passada a l&#8217;escola vam celebrar la setmana d&#8217;Antoni Gaud\u00ed\ud83e\udd29, una setmana dedicada a l&#8217;arquitecte catal\u00e0 el qual hem treballat des de principi de curs. Els nens i nenes hem investigat la seva obra per triar el nom de la nostra classe i decorar la porta amb les seves formes i colors tan especials.\ud83c\udfa8<\/p>\n<p>La setmana passada ens hem endinsat de ple en el projecte i hem dedicat totes les sessions a descobrir encara m\u00e9s coses sobre Gaud\u00ed. Ha estat una setmana molt divertida i plena d\u2019aprenentatges!\u2728<\/p>\n<p data-start=\"714\" data-end=\"987\">Hem fet tres activitats principals. Primer, vam anar d\u2019excursi\u00f3 al Parc G\u00fcell, on vam poder veure de ben a prop algunes de les obres m\u00e9s conegudes de Gaud\u00ed. Ens va encantar observar-les en directe, sobretot la famosa sargantana\ud83e\udd8e, que era una de les m\u00e9s esperades per tothom!<\/p>\n<p data-start=\"989\" data-end=\"1292\">Despr\u00e9s, a l\u2019escola, vam fer un taller de trencad\u00eds amb l\u2019ajuda de l\u2019Escola d\u2019Art l\u2019Arsenal. Tots els infants hi vam participar posant les nostres peces, el resultat final el podeu veure a l&#8217;entrada de l&#8217;escola.\ud83d\ude0d<\/p>\n<p data-start=\"1294\" data-end=\"1546\">Finalment, ens vam repartir en diferents tallers per aprendre m\u00e9s sobre aquells aspectes de l\u2019obra de Gaud\u00ed que m\u00e9s ens interessaven. Divendres vam fer una mostra oberta a les fam\u00edlies, que van quedar molt contentes amb tot el que hav\u00edem apr\u00e8s i creat.\u263a\ufe0f<\/p>\n<p data-start=\"1548\" data-end=\"1707\">Hem \u201cGaudit amb Gaud\u00ed\u201d i estem segurs que aquesta experi\u00e8ncia ens ajudar\u00e0 a recordar sempre aquest gran referent de la cultura catalana conegut arreu del m\u00f3n \u2728<\/p>\n","protected":false},"excerpt":{"rendered":"<p>La setmana passada a l&#8217;escola vam celebrar la setmana d&#8217;Antoni Gaud\u00ed\ud83e\udd29, una setmana dedicada a l&#8217;arquitecte catal\u00e0 el qual hem treballat des de principi de curs. Els nens i nenes hem investigat la seva obra per triar el nom de la nostra classe i decorar&hellip;  <a href=\"https:\/\/agora.xtec.cat\/ceiprossendmontane\/portada\/general\/setmana-gaudi\/\" title=\"Read SETMANA GAUD\u00cd\">Llegeix m\u00e9s\u00bb<\/a><\/p>\n","protected":false},"author":1,"featured_media":2016,"comment_status":"open","ping_status":"open","sticky":false,"template":"","format":"standard","meta":{"_bbp_topic_count":0,"_bbp_reply_count":0,"_bbp_total_topic_count":0,"_bbp_total_reply_count":0,"_bbp_voice_count":0,"_bbp_anonymous_reply_count":0,"_bbp_topic_count_hidden":0,"_bbp_reply_count_hidden":0,"_bbp_forum_subforum_count":0,"footnotes":""},"categories":[7,1,2,4,5],"tags":[74,79,95,78,85,90,217,70,69,68,67,248,77,83,88,133,81],"class_list":["post-2012","post","type-post","status-publish","format-standard","has-post-thumbnail","hentry","category-afa","category-general","category-infantil","category-portada","category-primaria","tag-1r","tag-2n","tag-3r","tag-4t","tag-5e","tag-6e","tag-aprenemjunts","tag-equip-grans","tag-equip-mitjans","tag-equip-petits","tag-fem-escola","tag-gaudi","tag-i3","tag-i4","tag-i5","tag-projecte","tag-rossend-montane"],"post_mailing_queue_ids":[],"_links":{"self":[{"href":"https:\/\/agora.xtec.cat\/ceiprossendmontane\/wp-json\/wp\/v2\/posts\/2012","targetHints":{"allow":["GET"]}}],"collection":[{"href":"https:\/\/agora.xtec.cat\/ceiprossendmontane\/wp-json\/wp\/v2\/posts"}],"about":[{"href":"https:\/\/agora.xtec.cat\/ceiprossendmontane\/wp-json\/wp\/v2\/types\/post"}],"author":[{"embeddable":true,"href":"https:\/\/agora.xtec.cat\/ceiprossendmontane\/wp-json\/wp\/v2\/users\/1"}],"replies":[{"embeddable":true,"href":"https:\/\/agora.xtec.cat\/ceiprossendmontane\/wp-json\/wp\/v2\/comments?post=2012"}],"version-history":[{"count":4,"href":"https:\/\/agora.xtec.cat\/ceiprossendmontane\/wp-json\/wp\/v2\/posts\/2012\/revisions"}],"predecessor-version":[{"id":2017,"href":"https:\/\/agora.xtec.cat\/ceiprossendmontane\/wp-json\/wp\/v2\/posts\/2012\/revisions\/2017"}],"wp:featuredmedia":[{"embeddable":true,"href":"https:\/\/agora.xtec.cat\/ceiprossendmontane\/wp-json\/wp\/v2\/media\/2016"}],"wp:attachment":[{"href":"https:\/\/agora.xtec.cat\/ceiprossendmontane\/wp-json\/wp\/v2\/media?parent=2012"}],"wp:term":[{"taxonomy":"category","embeddable":true,"href":"https:\/\/agora.xtec.cat\/ceiprossendmontane\/wp-json\/wp\/v2\/categories?post=2012"},{"taxonomy":"post_tag","embeddable":true,"href":"https:\/\/agora.xtec.cat\/ceiprossendmontane\/wp-json\/wp\/v2\/tags?post=2012"}],"curies":[{"name":"wp","href":"https:\/\/api.w.org\/{rel}","templated":true}]}}