{"id":1946,"date":"2025-12-19T14:00:16","date_gmt":"2025-12-19T13:00:16","guid":{"rendered":"https:\/\/agora.xtec.cat\/ceiprossendmontane\/?p=1946"},"modified":"2025-12-19T11:08:03","modified_gmt":"2025-12-19T10:08:03","slug":"setmana-plena-democions","status":"publish","type":"post","link":"https:\/\/agora.xtec.cat\/ceiprossendmontane\/portada\/general\/setmana-plena-democions\/","title":{"rendered":"SETMANA PLENA D&#8217;EMOCIONS"},"content":{"rendered":"<div dir=\"auto\"><img loading=\"lazy\" decoding=\"async\" class=\"aligncenter size-full wp-image-1955\" src=\"https:\/\/agora.xtec.cat\/ceiprossendmontane\/wp-content\/uploads\/usu2330\/2025\/12\/POST-ULTIMA-SETMANA-5.png\" alt=\"\" width=\"1250\" height=\"884\" \/><\/div>\n<div dir=\"auto\"><\/div>\n<div dir=\"auto\"><\/div>\n<div dir=\"auto\"><\/div>\n<div dir=\"auto\">Setmana plena d\u2019emocions\ud83e\udd29<\/div>\n<div dir=\"auto\"><\/div>\n<div dir=\"auto\">Dilluns vam rebre la visita del patge dels Reis d\u2019Orient. Per equips, el van anar a con\u00e8ixer i compartir amb ell la carta que havien preparat amb la classe, demanant, entre altres coses, salut, respecte, un m\u00f3n millor i algun regal per a l\u2019aula\ud83c\udf81. Van dipositar la carta a la b\u00fastia reial i ell es va comprometre a fer-la arribar.<\/div>\n<div dir=\"auto\"><\/div>\n<div dir=\"auto\">Dimecres hem celebrat la ja tradicional Fira Solid\u00e0ria\ud83e\udd32, amb l\u2019objectiu d\u2019aconseguir donacions d\u2019aliments que fem arribar al Gran Recapte per a les fam\u00edlies necessitades de la nostra zona i, aquest any, tamb\u00e9 ulleres graduades per donar-los una nova vida al Senegal, en col\u00b7laboraci\u00f3 amb l\u2019ONG Ocularis. Moltes gr\u00e0cies a tots per fer-ho possible.<\/div>\n<div dir=\"auto\"><\/div>\n<div dir=\"auto\">Entre dimecres, dijous i divendres hem gaudit d\u2019altres activitats nadalenques: l\u2019intercanvi de postals invisibles, els alumnes de mitjans recitant versos als m\u00e9s petits de l\u2019escola, el tradicional fer cagar el ti\u00f3 despr\u00e9s d\u2019haver-lo alimentat durant dies, i els esmorzars compartits amb els grups classe. Cal agrair a les tutores, al tutor i als especialistes tot l\u2019esfor\u00e7 per fer-ho realitat.\u263a\ufe0f<\/div>\n<div dir=\"auto\"><\/div>\n<div dir=\"auto\">Finalment, divendres hem compartit amb les fam\u00edlies el Concert de Nadal, preparat des de les \u00e0rees de m\u00fasica i angl\u00e8s, amb la voluntat de fer gaudir i emocionar tot el p\u00fablic. Que bonic i que b\u00e9 que ho heu fet! Gr\u00e0cies a tothom que ho ha fet possible.<\/div>\n<div dir=\"auto\"><\/div>\n<div dir=\"auto\">I aix\u00ed arribem a les vacances de Nadal, amb l\u2019energia renovada per tornar a carregar piles. Bones festes i ens retrobem el 2026!\ud83e\udd73<\/div>\n","protected":false},"excerpt":{"rendered":"<p>Setmana plena d\u2019emocions\ud83e\udd29<\/p>\n<p>Dilluns vam rebre la visita del patge dels Reis d\u2019Orient. Per equips, el van anar a con\u00e8ixer i compartir amb ell la carta que havien preparat amb la classe, demanant, entre altres coses, salut, respecte, un m\u00f3n millor i algun regal per a&hellip;  <a href=\"https:\/\/agora.xtec.cat\/ceiprossendmontane\/portada\/general\/setmana-plena-democions\/\" title=\"Read SETMANA PLENA D&#8217;EMOCIONS\">Llegeix m\u00e9s\u00bb<\/a><\/p>\n","protected":false},"author":1,"featured_media":1955,"comment_status":"open","ping_status":"open","sticky":false,"template":"","format":"standard","meta":{"_bbp_topic_count":0,"_bbp_reply_count":0,"_bbp_total_topic_count":0,"_bbp_total_reply_count":0,"_bbp_voice_count":0,"_bbp_anonymous_reply_count":0,"_bbp_topic_count_hidden":0,"_bbp_reply_count_hidden":0,"_bbp_forum_subforum_count":0,"footnotes":""},"categories":[1,2,4,5],"tags":[92,217,69,68,67,71,81],"class_list":["post-1946","post","type-post","status-publish","format-standard","has-post-thumbnail","hentry","category-general","category-infantil","category-portada","category-primaria","tag-equipgrans","tag-aprenemjunts","tag-equip-mitjans","tag-equip-petits","tag-fem-escola","tag-festes","tag-rossend-montane"],"post_mailing_queue_ids":[],"_links":{"self":[{"href":"https:\/\/agora.xtec.cat\/ceiprossendmontane\/wp-json\/wp\/v2\/posts\/1946","targetHints":{"allow":["GET"]}}],"collection":[{"href":"https:\/\/agora.xtec.cat\/ceiprossendmontane\/wp-json\/wp\/v2\/posts"}],"about":[{"href":"https:\/\/agora.xtec.cat\/ceiprossendmontane\/wp-json\/wp\/v2\/types\/post"}],"author":[{"embeddable":true,"href":"https:\/\/agora.xtec.cat\/ceiprossendmontane\/wp-json\/wp\/v2\/users\/1"}],"replies":[{"embeddable":true,"href":"https:\/\/agora.xtec.cat\/ceiprossendmontane\/wp-json\/wp\/v2\/comments?post=1946"}],"version-history":[{"count":6,"href":"https:\/\/agora.xtec.cat\/ceiprossendmontane\/wp-json\/wp\/v2\/posts\/1946\/revisions"}],"predecessor-version":[{"id":1956,"href":"https:\/\/agora.xtec.cat\/ceiprossendmontane\/wp-json\/wp\/v2\/posts\/1946\/revisions\/1956"}],"wp:featuredmedia":[{"embeddable":true,"href":"https:\/\/agora.xtec.cat\/ceiprossendmontane\/wp-json\/wp\/v2\/media\/1955"}],"wp:attachment":[{"href":"https:\/\/agora.xtec.cat\/ceiprossendmontane\/wp-json\/wp\/v2\/media?parent=1946"}],"wp:term":[{"taxonomy":"category","embeddable":true,"href":"https:\/\/agora.xtec.cat\/ceiprossendmontane\/wp-json\/wp\/v2\/categories?post=1946"},{"taxonomy":"post_tag","embeddable":true,"href":"https:\/\/agora.xtec.cat\/ceiprossendmontane\/wp-json\/wp\/v2\/tags?post=1946"}],"curies":[{"name":"wp","href":"https:\/\/api.w.org\/{rel}","templated":true}]}}