{"id":1920,"date":"2025-11-21T11:52:48","date_gmt":"2025-11-21T10:52:48","guid":{"rendered":"https:\/\/agora.xtec.cat\/ceiprossendmontane\/?p=1920"},"modified":"2025-11-21T11:52:48","modified_gmt":"2025-11-21T10:52:48","slug":"descobrint-ledat-moderna%f0%9f%94%8e","status":"publish","type":"post","link":"https:\/\/agora.xtec.cat\/ceiprossendmontane\/portada\/general\/descobrint-ledat-moderna%f0%9f%94%8e\/","title":{"rendered":"DESCOBRINT L&#8217;EDAT MODERNA\ud83d\udd0e"},"content":{"rendered":"<p><img loading=\"lazy\" decoding=\"async\" class=\"aligncenter size-full wp-image-1921\" src=\"https:\/\/agora.xtec.cat\/ceiprossendmontane\/wp-content\/uploads\/usu2330\/2025\/11\/6e-post-nov.png\" alt=\"\" width=\"784\" height=\"439\" \/><\/p>\n<p><span style=\"font-weight: 400;\">La classe de sis\u00e8 (els contemporanis) estem avan\u00e7ant en els nostres coneixements de la hist\u00f2ria. Ens hem centrat en l\u2019<\/span><b>edat moderna<\/b><span style=\"font-weight: 400;\">, una \u00e8pica de canvis i nous pensaments que avui en dia encara ens marquen.\ud83e\udded<\/span><\/p>\n<p><span style=\"font-weight: 400;\">Hem apr\u00e8s molt\u00edssimes coses! I moltes de ben curioses! Sabeu que el primer europeu que va arribar a \u201cAm\u00e8rica\u201d fou un viking?\ud83e\udd20 I us heu parat a pensar que la mare de la reina Cat\u00f2lica mai va menjar macarrons amb tom\u00e0quet?\ud83c\udf45 <\/span><\/p>\n<p><span style=\"font-weight: 400;\">I b\u00e9 que ens ha sorpr\u00e8s que Crist\u00f2for Colom va defensar que la Terra \ud83c\udf0eera rodona o que l\u2019Amerigo Vespucci va adonar-se que Colom no havia arribat a les \u00edndies sin\u00f3 a nou continent. Tamb\u00e9 hem apr\u00e8s sobre reis i reines\ud83d\udc51 i la monarquia actual.\u00a0 Ah i ens ho hem passat d\u2019all\u00f2 m\u00e9s b\u00e9 fent una recerca sobre cient\u00edfics de l\u2019\u00e8poca! \ud83e\uddd1\u200d\ud83d\udd2c<\/span><\/p>\n<p><b>\u00a0Visca la hist\u00f2ria!<\/b><\/p>\n","protected":false},"excerpt":{"rendered":"<p>La classe de sis\u00e8 (els contemporanis) estem avan\u00e7ant en els nostres coneixements de la hist\u00f2ria. Ens hem centrat en l\u2019edat moderna, una \u00e8pica de canvis i nous pensaments que avui en dia encara ens marquen.\ud83e\udded<br \/>\nHem apr\u00e8s molt\u00edssimes coses! I moltes de ben curioses! Sabeu que&hellip;  <a href=\"https:\/\/agora.xtec.cat\/ceiprossendmontane\/portada\/general\/descobrint-ledat-moderna%f0%9f%94%8e\/\" title=\"Read DESCOBRINT L&#8217;EDAT MODERNA\ud83d\udd0e\">Llegeix m\u00e9s\u00bb<\/a><\/p>\n","protected":false},"author":1,"featured_media":1921,"comment_status":"open","ping_status":"open","sticky":false,"template":"","format":"standard","meta":{"_bbp_topic_count":0,"_bbp_reply_count":0,"_bbp_total_topic_count":0,"_bbp_total_reply_count":0,"_bbp_voice_count":0,"_bbp_anonymous_reply_count":0,"_bbp_topic_count_hidden":0,"_bbp_reply_count_hidden":0,"_bbp_forum_subforum_count":0,"footnotes":""},"categories":[15,1,4,5],"tags":[217,284,156,283,135],"class_list":["post-1920","post","type-post","status-publish","format-standard","has-post-thumbnail","hentry","category-6e","category-general","category-portada","category-primaria","tag-aprenemjunts","tag-curiositats","tag-descobrim","tag-edatmoderna","tag-historia"],"post_mailing_queue_ids":[],"_links":{"self":[{"href":"https:\/\/agora.xtec.cat\/ceiprossendmontane\/wp-json\/wp\/v2\/posts\/1920","targetHints":{"allow":["GET"]}}],"collection":[{"href":"https:\/\/agora.xtec.cat\/ceiprossendmontane\/wp-json\/wp\/v2\/posts"}],"about":[{"href":"https:\/\/agora.xtec.cat\/ceiprossendmontane\/wp-json\/wp\/v2\/types\/post"}],"author":[{"embeddable":true,"href":"https:\/\/agora.xtec.cat\/ceiprossendmontane\/wp-json\/wp\/v2\/users\/1"}],"replies":[{"embeddable":true,"href":"https:\/\/agora.xtec.cat\/ceiprossendmontane\/wp-json\/wp\/v2\/comments?post=1920"}],"version-history":[{"count":1,"href":"https:\/\/agora.xtec.cat\/ceiprossendmontane\/wp-json\/wp\/v2\/posts\/1920\/revisions"}],"predecessor-version":[{"id":1922,"href":"https:\/\/agora.xtec.cat\/ceiprossendmontane\/wp-json\/wp\/v2\/posts\/1920\/revisions\/1922"}],"wp:featuredmedia":[{"embeddable":true,"href":"https:\/\/agora.xtec.cat\/ceiprossendmontane\/wp-json\/wp\/v2\/media\/1921"}],"wp:attachment":[{"href":"https:\/\/agora.xtec.cat\/ceiprossendmontane\/wp-json\/wp\/v2\/media?parent=1920"}],"wp:term":[{"taxonomy":"category","embeddable":true,"href":"https:\/\/agora.xtec.cat\/ceiprossendmontane\/wp-json\/wp\/v2\/categories?post=1920"},{"taxonomy":"post_tag","embeddable":true,"href":"https:\/\/agora.xtec.cat\/ceiprossendmontane\/wp-json\/wp\/v2\/tags?post=1920"}],"curies":[{"name":"wp","href":"https:\/\/api.w.org\/{rel}","templated":true}]}}