{"id":1903,"date":"2025-10-30T13:09:24","date_gmt":"2025-10-30T12:09:24","guid":{"rendered":"https:\/\/agora.xtec.cat\/ceiprossendmontane\/?p=1903"},"modified":"2025-10-30T13:15:18","modified_gmt":"2025-10-30T12:15:18","slug":"sortida-rossend-montane-coneixem-el-territori%f0%9f%8c%b3","status":"publish","type":"post","link":"https:\/\/agora.xtec.cat\/ceiprossendmontane\/portada\/general\/sortida-rossend-montane-coneixem-el-territori%f0%9f%8c%b3\/","title":{"rendered":"Sortida Rossend Montan\u00e9: coneixem el territori\ud83c\udf33"},"content":{"rendered":"<p><img loading=\"lazy\" decoding=\"async\" class=\"aligncenter wp-image-1904 size-full\" src=\"https:\/\/agora.xtec.cat\/ceiprossendmontane\/wp-content\/uploads\/usu2330\/2025\/10\/2npostoct.png\" alt=\"\" width=\"781\" height=\"589\" \/><\/p>\n<p><span style=\"font-weight: 400;\">Som l\u2019Escola Rossend Montan\u00e9, ubicada al municipi d\u2019Ol\u00e8rdola. Dos noms que ens arrelen al territori i que, curs rere curs, volem donar a con\u00e8ixer al nostre alumnat a trav\u00e9s de la sortida Rossend Montan\u00e9, una activitat que commemora la figura que dona nom a la nostra escola.\ud83e\udd29<\/span><\/p>\n<p><span style=\"font-weight: 400;\">Aquest curs, hem gaudit d\u2019un dia ple d\u2019activitats al bonic entorn de La Muntanyeta\u26f0\ufe0f:<\/span><\/p>\n<ul>\n<li style=\"font-weight: 400;\" aria-level=\"1\"><span style=\"font-weight: 400;\">Els m\u00e9s petits han participat en un joc de pistes\ud83d\udd75\ufe0f.<\/span><\/li>\n<li style=\"font-weight: 400;\" aria-level=\"1\"><span style=\"font-weight: 400;\">Els mitjans han resolt preguntes relacionades amb el municipi buscant balises amb l\u2019ajut d\u2019un mapa\ud83d\uddfa\ufe0f.<\/span><\/li>\n<li style=\"font-weight: 400;\" aria-level=\"1\"><span style=\"font-weight: 400;\">Els grans han fet una cursa d\u2019orientaci\u00f3, aprofundint en l\u2019\u00fas del mapa t\u00e8cnic i la br\u00faixola\ud83e\udded, gr\u00e0cies a la col\u00b7laboraci\u00f3 d\u2019en Cesc de Paula, del Centre Excursionista Pened\u00e8s\ud83e\udd7e.<\/span><\/li>\n<\/ul>\n<p><span style=\"font-weight: 400;\">A m\u00e9s, hem aprofitat la sortida per fer neteja de l\u2019entorn, amb el suport de Pened\u00e8s Verd, que ens ha facilitat guants i sacs. Gr\u00e0cies per ajudar-nos a cuidar el nostre paisatge!\ud83e\udd70<\/span><\/p>\n<p><span style=\"font-weight: 400;\">Despr\u00e9s de dinar, l\u2019alumnat de prim\u00e0ria ha pogut visitar Canal 20, la r\u00e0dio municipal de Moja. Ens l\u2019han ensenyat en Raimon i en Miquel, les dues persones que la dinamitzen, i a qui agra\u00efm molt la seva acollida.\ud83d\udcfb<\/span><\/p>\n<p><span style=\"font-weight: 400;\">Finalment, volem agrair a l\u2019Ajuntament d\u2019Ol\u00e8rdola la seva aportaci\u00f3, que ha perm\u00e8s que la sortida fos gratu\u00efta per a tot l\u2019alumnat, subvencionant l\u2019autob\u00fas i dos lavabos port\u00e0tils.\ud83d\ude8c<\/span><\/p>\n<p><span style=\"font-weight: 400;\">Fem comunitat pren tot el sentit quan escola, entorn i institucions sumem esfor\u00e7os per educar des del territori.<\/span><\/p>\n","protected":false},"excerpt":{"rendered":"<p>Som l\u2019Escola Rossend Montan\u00e9, ubicada al municipi d\u2019Ol\u00e8rdola. Dos noms que ens arrelen al territori i que, curs rere curs, volem donar a con\u00e8ixer al nostre alumnat a trav\u00e9s de la sortida Rossend Montan\u00e9, una activitat que commemora la figura que dona nom a la&hellip;  <a href=\"https:\/\/agora.xtec.cat\/ceiprossendmontane\/portada\/general\/sortida-rossend-montane-coneixem-el-territori%f0%9f%8c%b3\/\" title=\"Read Sortida Rossend Montan\u00e9: coneixem el territori\ud83c\udf33\">Llegeix m\u00e9s\u00bb<\/a><\/p>\n","protected":false},"author":1,"featured_media":1904,"comment_status":"open","ping_status":"open","sticky":false,"template":"","format":"standard","meta":{"_bbp_topic_count":0,"_bbp_reply_count":0,"_bbp_total_topic_count":0,"_bbp_total_reply_count":0,"_bbp_voice_count":0,"_bbp_anonymous_reply_count":0,"_bbp_topic_count_hidden":0,"_bbp_reply_count_hidden":0,"_bbp_forum_subforum_count":0,"footnotes":""},"categories":[10,11,12,13,14,15,1,3,8,9,2,4,5],"tags":[271,272,156,159,275,273,274,206],"class_list":["post-1903","post","type-post","status-publish","format-standard","has-post-thumbnail","hentry","category-1r","category-2n","category-3r","category-4t","category-5e","category-6e","category-general","category-i3","category-i4","category-i5","category-infantil","category-portada","category-primaria","tag-coneixemterritori","tag-cuidemnatura","tag-descobrim","tag-femescola","tag-jocpistes","tag-nomescola","tag-radio","tag-sortida"],"post_mailing_queue_ids":[],"_links":{"self":[{"href":"https:\/\/agora.xtec.cat\/ceiprossendmontane\/wp-json\/wp\/v2\/posts\/1903","targetHints":{"allow":["GET"]}}],"collection":[{"href":"https:\/\/agora.xtec.cat\/ceiprossendmontane\/wp-json\/wp\/v2\/posts"}],"about":[{"href":"https:\/\/agora.xtec.cat\/ceiprossendmontane\/wp-json\/wp\/v2\/types\/post"}],"author":[{"embeddable":true,"href":"https:\/\/agora.xtec.cat\/ceiprossendmontane\/wp-json\/wp\/v2\/users\/1"}],"replies":[{"embeddable":true,"href":"https:\/\/agora.xtec.cat\/ceiprossendmontane\/wp-json\/wp\/v2\/comments?post=1903"}],"version-history":[{"count":3,"href":"https:\/\/agora.xtec.cat\/ceiprossendmontane\/wp-json\/wp\/v2\/posts\/1903\/revisions"}],"predecessor-version":[{"id":1907,"href":"https:\/\/agora.xtec.cat\/ceiprossendmontane\/wp-json\/wp\/v2\/posts\/1903\/revisions\/1907"}],"wp:featuredmedia":[{"embeddable":true,"href":"https:\/\/agora.xtec.cat\/ceiprossendmontane\/wp-json\/wp\/v2\/media\/1904"}],"wp:attachment":[{"href":"https:\/\/agora.xtec.cat\/ceiprossendmontane\/wp-json\/wp\/v2\/media?parent=1903"}],"wp:term":[{"taxonomy":"category","embeddable":true,"href":"https:\/\/agora.xtec.cat\/ceiprossendmontane\/wp-json\/wp\/v2\/categories?post=1903"},{"taxonomy":"post_tag","embeddable":true,"href":"https:\/\/agora.xtec.cat\/ceiprossendmontane\/wp-json\/wp\/v2\/tags?post=1903"}],"curies":[{"name":"wp","href":"https:\/\/api.w.org\/{rel}","templated":true}]}}