{"id":1900,"date":"2025-10-30T13:04:46","date_gmt":"2025-10-30T12:04:46","guid":{"rendered":"https:\/\/agora.xtec.cat\/ceiprossendmontane\/?p=1900"},"modified":"2025-10-30T13:05:05","modified_gmt":"2025-10-30T12:05:05","slug":"comencem-a-descobrir-ledat-mitjana%f0%9f%98%9c","status":"publish","type":"post","link":"https:\/\/agora.xtec.cat\/ceiprossendmontane\/portada\/general\/comencem-a-descobrir-ledat-mitjana%f0%9f%98%9c\/","title":{"rendered":"Comencem a descobrir l\u2019Edat Mitjana!\ud83d\ude1c"},"content":{"rendered":"<p><img loading=\"lazy\" decoding=\"async\" class=\"aligncenter size-full wp-image-1901\" src=\"https:\/\/agora.xtec.cat\/ceiprossendmontane\/wp-content\/uploads\/usu2330\/2025\/10\/Captura-de-pantalla-2025-10-30-125500.png\" alt=\"\" width=\"782\" height=\"440\" \/><\/p>\n<p><span style=\"font-weight: 400;\">L\u2019alumnat de 5\u00e8 ha comen\u00e7at un nou projecte molt emocionant: l\u2019Edat Mitjana. Durant aquestes setmanes ens endinsarem en un per\u00edode fascinant de la nostra hist\u00f2ria per entendre com vivien les persones en aquella \u00e8poca, com eren els castells i els monestirs, quines feines feien, com s\u2019organitzava la societat i quins personatges destacats van marcar aquella \u00e8poca.\ud83d\udd0d<\/span><\/p>\n<p><span style=\"font-weight: 400;\">Treballarem aspectes com la vida quotidiana a les viles i als castells, les esgl\u00e9sies i els monestirs, la societat feudal i com es va transformar el nostre territori al llarg dels segles. Tamb\u00e9 descobrirem com era la Catalunya medieval, amb els seus comtes, reis i ciutats en creixement.\ud83e\udd17<\/span><\/p>\n<p><span style=\"font-weight: 400;\">Per aprendre de manera m\u00e9s activa i significativa, ho fem mitjan\u00e7ant grups cooperatius\ud83e\udde9. Aix\u00f2 vol dir que cada grup t\u00e9 un repte com\u00fa i que tots els seus membres hi participen aportant el millor de cadasc\u00fa. Cadasc\u00fa t\u00e9 un rol (coordinador\/a, portaveu, secretari\/\u00e0ria, encarregat\/da de material) i junts, aprenem a escoltar, compartir, ajudar i arribar a acords, que \u00e9s tan important com aprendre hist\u00f2ria.<\/span><\/p>\n<p><span style=\"font-weight: 400;\">Amb aquesta manera de treballar, els nens i nenes de 5\u00e8 aprenen no nom\u00e9s continguts, sin\u00f3 tamb\u00e9 valors com la responsabilitat, el respecte i la cooperaci\u00f3. Segur que ser\u00e0 un viatge pel temps apassionant!\ud83e\uddf3<\/span><\/p>\n","protected":false},"excerpt":{"rendered":"<p>L\u2019alumnat de 5\u00e8 ha comen\u00e7at un nou projecte molt emocionant: l\u2019Edat Mitjana. Durant aquestes setmanes ens endinsarem en un per\u00edode fascinant de la nostra hist\u00f2ria per entendre com vivien les persones en aquella \u00e8poca, com eren els castells i els monestirs, quines feines feien, com&hellip;  <a href=\"https:\/\/agora.xtec.cat\/ceiprossendmontane\/portada\/general\/comencem-a-descobrir-ledat-mitjana%f0%9f%98%9c\/\" title=\"Read Comencem a descobrir l\u2019Edat Mitjana!\ud83d\ude1c\">Llegeix m\u00e9s\u00bb<\/a><\/p>\n","protected":false},"author":1,"featured_media":1901,"comment_status":"open","ping_status":"open","sticky":false,"template":"","format":"standard","meta":{"_bbp_topic_count":0,"_bbp_reply_count":0,"_bbp_total_topic_count":0,"_bbp_total_reply_count":0,"_bbp_voice_count":0,"_bbp_anonymous_reply_count":0,"_bbp_topic_count_hidden":0,"_bbp_reply_count_hidden":0,"_bbp_forum_subforum_count":0,"footnotes":""},"categories":[14,1,4,5],"tags":[167,134,136,270],"class_list":["post-1900","post","type-post","status-publish","format-standard","has-post-thumbnail","hentry","category-5e","category-general","category-portada","category-primaria","tag-aprenem","tag-edatmitjana","tag-medi","tag-treballcooperatiu"],"post_mailing_queue_ids":[],"_links":{"self":[{"href":"https:\/\/agora.xtec.cat\/ceiprossendmontane\/wp-json\/wp\/v2\/posts\/1900","targetHints":{"allow":["GET"]}}],"collection":[{"href":"https:\/\/agora.xtec.cat\/ceiprossendmontane\/wp-json\/wp\/v2\/posts"}],"about":[{"href":"https:\/\/agora.xtec.cat\/ceiprossendmontane\/wp-json\/wp\/v2\/types\/post"}],"author":[{"embeddable":true,"href":"https:\/\/agora.xtec.cat\/ceiprossendmontane\/wp-json\/wp\/v2\/users\/1"}],"replies":[{"embeddable":true,"href":"https:\/\/agora.xtec.cat\/ceiprossendmontane\/wp-json\/wp\/v2\/comments?post=1900"}],"version-history":[{"count":1,"href":"https:\/\/agora.xtec.cat\/ceiprossendmontane\/wp-json\/wp\/v2\/posts\/1900\/revisions"}],"predecessor-version":[{"id":1902,"href":"https:\/\/agora.xtec.cat\/ceiprossendmontane\/wp-json\/wp\/v2\/posts\/1900\/revisions\/1902"}],"wp:featuredmedia":[{"embeddable":true,"href":"https:\/\/agora.xtec.cat\/ceiprossendmontane\/wp-json\/wp\/v2\/media\/1901"}],"wp:attachment":[{"href":"https:\/\/agora.xtec.cat\/ceiprossendmontane\/wp-json\/wp\/v2\/media?parent=1900"}],"wp:term":[{"taxonomy":"category","embeddable":true,"href":"https:\/\/agora.xtec.cat\/ceiprossendmontane\/wp-json\/wp\/v2\/categories?post=1900"},{"taxonomy":"post_tag","embeddable":true,"href":"https:\/\/agora.xtec.cat\/ceiprossendmontane\/wp-json\/wp\/v2\/tags?post=1900"}],"curies":[{"name":"wp","href":"https:\/\/api.w.org\/{rel}","templated":true}]}}