{"id":1893,"date":"2025-10-24T11:28:30","date_gmt":"2025-10-24T09:28:30","guid":{"rendered":"https:\/\/agora.xtec.cat\/ceiprossendmontane\/?p=1893"},"modified":"2025-10-24T11:29:14","modified_gmt":"2025-10-24T09:29:14","slug":"ja-ha-arribat-la-tardor%f0%9f%8d%82%f0%9f%90%8c","status":"publish","type":"post","link":"https:\/\/agora.xtec.cat\/ceiprossendmontane\/portada\/general\/ja-ha-arribat-la-tardor%f0%9f%8d%82%f0%9f%90%8c\/","title":{"rendered":"JA HA ARRIBAT LA TARDOR!\ud83c\udf42\ud83d\udc0c"},"content":{"rendered":"<p><img loading=\"lazy\" decoding=\"async\" class=\"aligncenter size-full wp-image-1894\" src=\"https:\/\/agora.xtec.cat\/ceiprossendmontane\/wp-content\/uploads\/usu2330\/2025\/10\/pOST-i3-I4B-Octubre-1.png\" alt=\"\" width=\"1000\" height=\"707\" \/><\/p>\n<p>Ja ha arribat la tardor i hem comen\u00e7at a descobrir tot el que ens pot oferir aquesta estaci\u00f3 de l&#8217;any!\ud83c\udf44\ud83d\udc3f\ufe0f L&#8217;altre dia ens vam trobar tot I3 i I4 per poder conversar, observar i comparar tots aquells fruits i elements tan caracter\u00edstics que hem anat portant a l&#8217;escola com carabasses, magranes, castanyes\ud83c\udf30, pinyes, fulles\ud83c\udf41&#8230; A m\u00e9s, l&#8217;hem incorporat en tots els moments del nostre dia a dia amb propostes a racons, grafisme, medi o amb can\u00e7ons tant de tardor com de la Castanyada.<\/p>\n<p>Fins i tot hem afegit un rac\u00f3 a cada classe i una gran exposici\u00f3 al passad\u00eds!\ud83e\udd94\ud83e\udebe<\/p>\n<p>Ens encanta la tardor!<\/p>\n","protected":false},"excerpt":{"rendered":"<p>Ja ha arribat la tardor i hem comen\u00e7at a descobrir tot el que ens pot oferir aquesta estaci\u00f3 de l&#8217;any!\ud83c\udf44\ud83d\udc3f\ufe0f L&#8217;altre dia ens vam trobar tot I3 i I4 per poder conversar, observar i comparar tots aquells fruits i elements tan caracter\u00edstics que hem anat&hellip;  <a href=\"https:\/\/agora.xtec.cat\/ceiprossendmontane\/portada\/general\/ja-ha-arribat-la-tardor%f0%9f%8d%82%f0%9f%90%8c\/\" title=\"Read JA HA ARRIBAT LA TARDOR!\ud83c\udf42\ud83d\udc0c\">Llegeix m\u00e9s\u00bb<\/a><\/p>\n","protected":false},"author":1,"featured_media":1894,"comment_status":"open","ping_status":"open","sticky":false,"template":"","format":"standard","meta":{"_bbp_topic_count":0,"_bbp_reply_count":0,"_bbp_total_topic_count":0,"_bbp_total_reply_count":0,"_bbp_voice_count":0,"_bbp_anonymous_reply_count":0,"_bbp_topic_count_hidden":0,"_bbp_reply_count_hidden":0,"_bbp_forum_subforum_count":0,"footnotes":""},"categories":[1,3,8,2,4],"tags":[167,269,87,146],"class_list":["post-1893","post","type-post","status-publish","format-standard","has-post-thumbnail","hentry","category-general","category-i3","category-i4","category-infantil","category-portada","tag-aprenem","tag-estacio","tag-racons","tag-tardor"],"post_mailing_queue_ids":[],"_links":{"self":[{"href":"https:\/\/agora.xtec.cat\/ceiprossendmontane\/wp-json\/wp\/v2\/posts\/1893","targetHints":{"allow":["GET"]}}],"collection":[{"href":"https:\/\/agora.xtec.cat\/ceiprossendmontane\/wp-json\/wp\/v2\/posts"}],"about":[{"href":"https:\/\/agora.xtec.cat\/ceiprossendmontane\/wp-json\/wp\/v2\/types\/post"}],"author":[{"embeddable":true,"href":"https:\/\/agora.xtec.cat\/ceiprossendmontane\/wp-json\/wp\/v2\/users\/1"}],"replies":[{"embeddable":true,"href":"https:\/\/agora.xtec.cat\/ceiprossendmontane\/wp-json\/wp\/v2\/comments?post=1893"}],"version-history":[{"count":1,"href":"https:\/\/agora.xtec.cat\/ceiprossendmontane\/wp-json\/wp\/v2\/posts\/1893\/revisions"}],"predecessor-version":[{"id":1895,"href":"https:\/\/agora.xtec.cat\/ceiprossendmontane\/wp-json\/wp\/v2\/posts\/1893\/revisions\/1895"}],"wp:featuredmedia":[{"embeddable":true,"href":"https:\/\/agora.xtec.cat\/ceiprossendmontane\/wp-json\/wp\/v2\/media\/1894"}],"wp:attachment":[{"href":"https:\/\/agora.xtec.cat\/ceiprossendmontane\/wp-json\/wp\/v2\/media?parent=1893"}],"wp:term":[{"taxonomy":"category","embeddable":true,"href":"https:\/\/agora.xtec.cat\/ceiprossendmontane\/wp-json\/wp\/v2\/categories?post=1893"},{"taxonomy":"post_tag","embeddable":true,"href":"https:\/\/agora.xtec.cat\/ceiprossendmontane\/wp-json\/wp\/v2\/tags?post=1893"}],"curies":[{"name":"wp","href":"https:\/\/api.w.org\/{rel}","templated":true}]}}