{"id":1890,"date":"2025-10-21T10:22:52","date_gmt":"2025-10-21T08:22:52","guid":{"rendered":"https:\/\/agora.xtec.cat\/ceiprossendmontane\/?p=1890"},"modified":"2025-10-21T10:22:52","modified_gmt":"2025-10-21T08:22:52","slug":"%f0%9f%8e%8ala-festa-dels-noms%f0%9f%8e%8a","status":"publish","type":"post","link":"https:\/\/agora.xtec.cat\/ceiprossendmontane\/portada\/general\/%f0%9f%8e%8ala-festa-dels-noms%f0%9f%8e%8a\/","title":{"rendered":"\ud83c\udf8aLa festa dels noms\ud83c\udf8a"},"content":{"rendered":"<p><img loading=\"lazy\" decoding=\"async\" class=\"aligncenter size-full wp-image-1891\" src=\"https:\/\/agora.xtec.cat\/ceiprossendmontane\/wp-content\/uploads\/usu2330\/2025\/10\/LA-FESTA-DELS-NOMS-e1761033766481.png\" alt=\"\" width=\"300\" height=\"212\" \/><\/p>\n<p>El passat divendres 17 d&#8217;octubre vam celebrar la nostra popular &#8220;FESTA DELS NOMS&#8221; on tots els alumnes de l&#8217;escola fan una petita representaci\u00f3 perqu\u00e8 la resta endevinin quin nom t\u00e9 la seva classe. \u00c9s una trobada de tota l&#8217;escola on ens ho passem d&#8217;all\u00f2 m\u00e9s b\u00e9!<\/p>\n<p>Aquest any, els noms estan relacionats amb el projecte interdisciplinari &#8220;GAUDIM AMB GAUD\u00cd&#8221; i han quedat d&#8217;all\u00f2 m\u00e9s originals:<\/p>\n<p>I3-I4 A: La classe del drag\u00f3\ud83e\udd8e<\/p>\n<p>I3-I4 B: La classe del drac\ud83d\udc09<\/p>\n<p>I5: La classe de les onades\ud83c\udf0a<\/p>\n<p>1r A: La classe de les flors\ud83c\udf38<\/p>\n<p>1r B: La classe dels vitralls\ud83e\ude9f<\/p>\n<p>2n: La classe de la Sagrada Fam\u00edlia\ud83d\udd06<\/p>\n<p>3r: La classe de la natura\ud83c\udf3f<\/p>\n<p>4t: La classe del trencad\u00eds\ud83e\uddf1<\/p>\n<p>5\u00e8: La classe dels arquitectes\ud83d\udcd0<\/p>\n<p>6\u00e8: La classe dels contemporanis\ud83c\udfa9<\/p>\n","protected":false},"excerpt":{"rendered":"<p>El passat divendres 17 d&#8217;octubre vam celebrar la nostra popular &#8220;FESTA DELS NOMS&#8221; on tots els alumnes de l&#8217;escola fan una petita representaci\u00f3 perqu\u00e8 la resta endevinin quin nom t\u00e9 la seva classe. \u00c9s una trobada de tota l&#8217;escola on ens ho passem d&#8217;all\u00f2 m\u00e9s&hellip;  <a href=\"https:\/\/agora.xtec.cat\/ceiprossendmontane\/portada\/general\/%f0%9f%8e%8ala-festa-dels-noms%f0%9f%8e%8a\/\" title=\"Read \ud83c\udf8aLa festa dels noms\ud83c\udf8a\">Llegeix m\u00e9s\u00bb<\/a><\/p>\n","protected":false},"author":1,"featured_media":1891,"comment_status":"open","ping_status":"open","sticky":false,"template":"","format":"standard","meta":{"_bbp_topic_count":0,"_bbp_reply_count":0,"_bbp_total_topic_count":0,"_bbp_total_reply_count":0,"_bbp_voice_count":0,"_bbp_anonymous_reply_count":0,"_bbp_topic_count_hidden":0,"_bbp_reply_count_hidden":0,"_bbp_forum_subforum_count":0,"footnotes":""},"categories":[1,2,4,5],"tags":[267,263,265,159,262,100,266,264,268],"class_list":["post-1890","post","type-post","status-publish","format-standard","has-post-thumbnail","hentry","category-general","category-infantil","category-portada","category-primaria","tag-antonigaudi","tag-ballem","tag-endivinalles","tag-femescola","tag-lafestadelsnoms","tag-musica","tag-nomsclasse","tag-poemes","tag-projecteescola"],"post_mailing_queue_ids":[],"_links":{"self":[{"href":"https:\/\/agora.xtec.cat\/ceiprossendmontane\/wp-json\/wp\/v2\/posts\/1890","targetHints":{"allow":["GET"]}}],"collection":[{"href":"https:\/\/agora.xtec.cat\/ceiprossendmontane\/wp-json\/wp\/v2\/posts"}],"about":[{"href":"https:\/\/agora.xtec.cat\/ceiprossendmontane\/wp-json\/wp\/v2\/types\/post"}],"author":[{"embeddable":true,"href":"https:\/\/agora.xtec.cat\/ceiprossendmontane\/wp-json\/wp\/v2\/users\/1"}],"replies":[{"embeddable":true,"href":"https:\/\/agora.xtec.cat\/ceiprossendmontane\/wp-json\/wp\/v2\/comments?post=1890"}],"version-history":[{"count":1,"href":"https:\/\/agora.xtec.cat\/ceiprossendmontane\/wp-json\/wp\/v2\/posts\/1890\/revisions"}],"predecessor-version":[{"id":1892,"href":"https:\/\/agora.xtec.cat\/ceiprossendmontane\/wp-json\/wp\/v2\/posts\/1890\/revisions\/1892"}],"wp:featuredmedia":[{"embeddable":true,"href":"https:\/\/agora.xtec.cat\/ceiprossendmontane\/wp-json\/wp\/v2\/media\/1891"}],"wp:attachment":[{"href":"https:\/\/agora.xtec.cat\/ceiprossendmontane\/wp-json\/wp\/v2\/media?parent=1890"}],"wp:term":[{"taxonomy":"category","embeddable":true,"href":"https:\/\/agora.xtec.cat\/ceiprossendmontane\/wp-json\/wp\/v2\/categories?post=1890"},{"taxonomy":"post_tag","embeddable":true,"href":"https:\/\/agora.xtec.cat\/ceiprossendmontane\/wp-json\/wp\/v2\/tags?post=1890"}],"curies":[{"name":"wp","href":"https:\/\/api.w.org\/{rel}","templated":true}]}}