{"id":1876,"date":"2025-09-26T11:51:06","date_gmt":"2025-09-26T09:51:06","guid":{"rendered":"https:\/\/agora.xtec.cat\/ceiprossendmontane\/?p=1876"},"modified":"2025-09-26T11:53:35","modified_gmt":"2025-09-26T09:53:35","slug":"aquests-primers-dies-no-parem%f0%9f%99%8c","status":"publish","type":"post","link":"https:\/\/agora.xtec.cat\/ceiprossendmontane\/portada\/general\/aquests-primers-dies-no-parem%f0%9f%99%8c\/","title":{"rendered":"Aquests primers dies, no parem!!\ud83d\ude4c"},"content":{"rendered":"<p><img loading=\"lazy\" decoding=\"async\" class=\"aligncenter size-full wp-image-1870\" src=\"https:\/\/agora.xtec.cat\/ceiprossendmontane\/wp-content\/uploads\/usu2330\/2025\/09\/I3-I4A-Post-2609-Motricitat-fina.png\" alt=\"\" width=\"1000\" height=\"773\" \/><\/p>\n<p>Els m\u00e9s petits de l&#8217;escola ens hem familiaritzat rapid\u00edssim a la nova rutina, espais, companys\/es i el personal que ens acompanya dia a dia! \ud83d\ude0d<\/p>\n<p>Estem tan grans que amb l&#8217;ajuda de diversos materials i propostes ja hem pogut comen\u00e7ar a treballar per racons; un dels m\u00e9s importants s\u00f3n els de motricitat fina!! \ud83d\udd90\ufe0f\ud83e\udd0f<\/p>\n","protected":false},"excerpt":{"rendered":"<p>Els m\u00e9s petits de l&#8217;escola ens hem familiaritzat rapid\u00edssim a la nova rutina, espais, companys\/es i el personal que ens acompanya dia a dia! \ud83d\ude0d<br \/>\nEstem tan grans que amb l&#8217;ajuda de diversos materials i propostes ja hem pogut comen\u00e7ar a treballar per racons; un dels&hellip;  <a href=\"https:\/\/agora.xtec.cat\/ceiprossendmontane\/portada\/general\/aquests-primers-dies-no-parem%f0%9f%99%8c\/\" title=\"Read Aquests primers dies, no parem!!\ud83d\ude4c\">Llegeix m\u00e9s\u00bb<\/a><\/p>\n","protected":false},"author":1,"featured_media":1870,"comment_status":"open","ping_status":"open","sticky":false,"template":"","format":"standard","meta":{"_bbp_topic_count":0,"_bbp_reply_count":0,"_bbp_total_topic_count":0,"_bbp_total_reply_count":0,"_bbp_voice_count":0,"_bbp_anonymous_reply_count":0,"_bbp_topic_count_hidden":0,"_bbp_reply_count_hidden":0,"_bbp_forum_subforum_count":0,"footnotes":""},"categories":[1,3,8,2],"tags":[167,217,259,257,260,87,258],"class_list":["post-1876","post","type-post","status-publish","format-standard","has-post-thumbnail","hentry","category-general","category-i3","category-i4","category-infantil","tag-aprenem","tag-aprenemjunts","tag-experimentem","tag-motricitatfina","tag-petits","tag-racons","tag-treballem"],"post_mailing_queue_ids":[],"_links":{"self":[{"href":"https:\/\/agora.xtec.cat\/ceiprossendmontane\/wp-json\/wp\/v2\/posts\/1876","targetHints":{"allow":["GET"]}}],"collection":[{"href":"https:\/\/agora.xtec.cat\/ceiprossendmontane\/wp-json\/wp\/v2\/posts"}],"about":[{"href":"https:\/\/agora.xtec.cat\/ceiprossendmontane\/wp-json\/wp\/v2\/types\/post"}],"author":[{"embeddable":true,"href":"https:\/\/agora.xtec.cat\/ceiprossendmontane\/wp-json\/wp\/v2\/users\/1"}],"replies":[{"embeddable":true,"href":"https:\/\/agora.xtec.cat\/ceiprossendmontane\/wp-json\/wp\/v2\/comments?post=1876"}],"version-history":[{"count":3,"href":"https:\/\/agora.xtec.cat\/ceiprossendmontane\/wp-json\/wp\/v2\/posts\/1876\/revisions"}],"predecessor-version":[{"id":1879,"href":"https:\/\/agora.xtec.cat\/ceiprossendmontane\/wp-json\/wp\/v2\/posts\/1876\/revisions\/1879"}],"wp:featuredmedia":[{"embeddable":true,"href":"https:\/\/agora.xtec.cat\/ceiprossendmontane\/wp-json\/wp\/v2\/media\/1870"}],"wp:attachment":[{"href":"https:\/\/agora.xtec.cat\/ceiprossendmontane\/wp-json\/wp\/v2\/media?parent=1876"}],"wp:term":[{"taxonomy":"category","embeddable":true,"href":"https:\/\/agora.xtec.cat\/ceiprossendmontane\/wp-json\/wp\/v2\/categories?post=1876"},{"taxonomy":"post_tag","embeddable":true,"href":"https:\/\/agora.xtec.cat\/ceiprossendmontane\/wp-json\/wp\/v2\/tags?post=1876"}],"curies":[{"name":"wp","href":"https:\/\/api.w.org\/{rel}","templated":true}]}}