{"id":1865,"date":"2025-09-22T11:24:29","date_gmt":"2025-09-22T09:24:29","guid":{"rendered":"https:\/\/agora.xtec.cat\/ceiprossendmontane\/?p=1865"},"modified":"2025-09-22T11:24:29","modified_gmt":"2025-09-22T09:24:29","slug":"gaudim-amb-gaudi-%f0%9f%8e%a8","status":"publish","type":"post","link":"https:\/\/agora.xtec.cat\/ceiprossendmontane\/portada\/general\/gaudim-amb-gaudi-%f0%9f%8e%a8\/","title":{"rendered":"GAUDIM AMB GAUD\u00cd! \ud83c\udfa8"},"content":{"rendered":"<p><img loading=\"lazy\" decoding=\"async\" class=\"aligncenter size-full wp-image-1866\" src=\"https:\/\/agora.xtec.cat\/ceiprossendmontane\/wp-content\/uploads\/usu2330\/2025\/09\/GAUDIM-AMB-GAUDI.png\" alt=\"\" width=\"1123\" height=\"794\" srcset=\"https:\/\/agora.xtec.cat\/ceiprossendmontane\/wp-content\/uploads\/usu2330\/2025\/09\/GAUDIM-AMB-GAUDI.png 1123w, https:\/\/agora.xtec.cat\/ceiprossendmontane\/wp-content\/uploads\/usu2330\/2025\/09\/GAUDIM-AMB-GAUDI-300x212.png 300w, https:\/\/agora.xtec.cat\/ceiprossendmontane\/wp-content\/uploads\/usu2330\/2025\/09\/GAUDIM-AMB-GAUDI-1024x724.png 1024w, https:\/\/agora.xtec.cat\/ceiprossendmontane\/wp-content\/uploads\/usu2330\/2025\/09\/GAUDIM-AMB-GAUDI-768x543.png 768w\" sizes=\"auto, (max-width: 1123px) 100vw, 1123px\" \/><\/p>\n<p><span style=\"font-weight: 400;\">Ja hem descobert quin ser\u00e0 el projecte anual de l\u2019escola aquest curs: Antoni Gaud\u00ed, en commemoraci\u00f3 del centenari de la seva mort!!!<\/span><\/p>\n<p><span style=\"font-weight: 400;\">Durant els pr\u00f2xims mesos, aprofundirem en la figura d\u2019aquest arquitecte modernista catal\u00e0, coneixent les seves idees, t\u00e8cniques i inspiracions que van fer possibles les obres tan magn\u00edfiques que avui admirem arreu del m\u00f3n. \ud83c\udfa8\u270f\ufe0f<\/span><\/p>\n<p><span style=\"font-weight: 400;\">Per iniciar el projecte, l\u2019alumnat ha pogut \u201cgaudir\u201d d\u2019uns jocs de pistes per descobrir la tem\u00e0tica\u2026 i fins i tot ens ha vingut a veure ell mateix! Quina sorpresa tan divertida!\ud83e\udde9<\/span><\/p>\n<p><span style=\"font-weight: 400;\">Amb molta il\u00b7lusi\u00f3, esperem aprendre, crear i imaginar sota el t\u00edtol: GAUDIM AMB GAUD\u00cd!!\ud83e\udd73\ud83d\ude0d<\/span><\/p>\n","protected":false},"excerpt":{"rendered":"<p>Ja hem descobert quin ser\u00e0 el projecte anual de l\u2019escola aquest curs: Antoni Gaud\u00ed, en commemoraci\u00f3 del centenari de la seva mort!!!<br \/>\nDurant els pr\u00f2xims mesos, aprofundirem en la figura d\u2019aquest arquitecte modernista catal\u00e0, coneixent les seves idees, t\u00e8cniques i inspiracions que van fer possibles les&hellip;  <a href=\"https:\/\/agora.xtec.cat\/ceiprossendmontane\/portada\/general\/gaudim-amb-gaudi-%f0%9f%8e%a8\/\" title=\"Read GAUDIM AMB GAUD\u00cd! \ud83c\udfa8\">Llegeix m\u00e9s\u00bb<\/a><\/p>\n","protected":false},"author":1,"featured_media":1866,"comment_status":"open","ping_status":"open","sticky":false,"template":"","format":"standard","meta":{"_bbp_topic_count":0,"_bbp_reply_count":0,"_bbp_total_topic_count":0,"_bbp_total_reply_count":0,"_bbp_voice_count":0,"_bbp_anonymous_reply_count":0,"_bbp_topic_count_hidden":0,"_bbp_reply_count_hidden":0,"_bbp_forum_subforum_count":0,"footnotes":""},"categories":[1,2,4,5],"tags":[147,252,251,248,220,249,250],"class_list":["post-1865","post","type-post","status-publish","format-standard","has-post-thumbnail","hentry","category-general","category-infantil","category-portada","category-primaria","tag-art","tag-commemorar","tag-descobrir","tag-gaudi","tag-natura","tag-projecteanual","tag-projectesescola"],"post_mailing_queue_ids":[],"_links":{"self":[{"href":"https:\/\/agora.xtec.cat\/ceiprossendmontane\/wp-json\/wp\/v2\/posts\/1865","targetHints":{"allow":["GET"]}}],"collection":[{"href":"https:\/\/agora.xtec.cat\/ceiprossendmontane\/wp-json\/wp\/v2\/posts"}],"about":[{"href":"https:\/\/agora.xtec.cat\/ceiprossendmontane\/wp-json\/wp\/v2\/types\/post"}],"author":[{"embeddable":true,"href":"https:\/\/agora.xtec.cat\/ceiprossendmontane\/wp-json\/wp\/v2\/users\/1"}],"replies":[{"embeddable":true,"href":"https:\/\/agora.xtec.cat\/ceiprossendmontane\/wp-json\/wp\/v2\/comments?post=1865"}],"version-history":[{"count":1,"href":"https:\/\/agora.xtec.cat\/ceiprossendmontane\/wp-json\/wp\/v2\/posts\/1865\/revisions"}],"predecessor-version":[{"id":1867,"href":"https:\/\/agora.xtec.cat\/ceiprossendmontane\/wp-json\/wp\/v2\/posts\/1865\/revisions\/1867"}],"wp:featuredmedia":[{"embeddable":true,"href":"https:\/\/agora.xtec.cat\/ceiprossendmontane\/wp-json\/wp\/v2\/media\/1866"}],"wp:attachment":[{"href":"https:\/\/agora.xtec.cat\/ceiprossendmontane\/wp-json\/wp\/v2\/media?parent=1865"}],"wp:term":[{"taxonomy":"category","embeddable":true,"href":"https:\/\/agora.xtec.cat\/ceiprossendmontane\/wp-json\/wp\/v2\/categories?post=1865"},{"taxonomy":"post_tag","embeddable":true,"href":"https:\/\/agora.xtec.cat\/ceiprossendmontane\/wp-json\/wp\/v2\/tags?post=1865"}],"curies":[{"name":"wp","href":"https:\/\/api.w.org\/{rel}","templated":true}]}}