{"id":1789,"date":"2025-06-10T09:27:11","date_gmt":"2025-06-10T07:27:11","guid":{"rendered":"https:\/\/agora.xtec.cat\/ceiprossendmontane\/?p=1789"},"modified":"2025-06-10T09:27:11","modified_gmt":"2025-06-10T07:27:11","slug":"la-cantania-real-a-lauditori%f0%9f%8e%b6%f0%9f%8e%b5","status":"publish","type":"post","link":"https:\/\/agora.xtec.cat\/ceiprossendmontane\/portada\/general\/la-cantania-real-a-lauditori%f0%9f%8e%b6%f0%9f%8e%b5\/","title":{"rendered":"La Cant\u00e0nia &#8220;Real&#8221; a l&#8217;Auditori!\ud83c\udfb6\ud83c\udfb5"},"content":{"rendered":"<p><img loading=\"lazy\" decoding=\"async\" class=\"aligncenter size-full wp-image-1791\" src=\"https:\/\/agora.xtec.cat\/ceiprossendmontane\/wp-content\/uploads\/usu2330\/2025\/06\/Cantania.png\" alt=\"\" width=\"1000\" height=\"707\" srcset=\"https:\/\/agora.xtec.cat\/ceiprossendmontane\/wp-content\/uploads\/usu2330\/2025\/06\/Cantania.png 1000w, https:\/\/agora.xtec.cat\/ceiprossendmontane\/wp-content\/uploads\/usu2330\/2025\/06\/Cantania-300x212.png 300w, https:\/\/agora.xtec.cat\/ceiprossendmontane\/wp-content\/uploads\/usu2330\/2025\/06\/Cantania-768x543.png 768w\" sizes=\"auto, (max-width: 1000px) 100vw, 1000px\" \/><\/p>\n<p>&nbsp;<\/p>\n<p><span style=\"font-weight: 400;\">\ud83c\udfb5El passat dijous 29 de maig els alumnes de 6\u00e8 vam participar en la Cant\u00e0nia \u201cReal\u201d amb altres escoles de Vilafranca i del voltant. \u00c9rem 200 nens i nenes a l\u2019escenari, amb m\u00fasics en directe i dos solistes vocals. Va ser una experi\u00e8ncia inoblidable que va entusiasmar a tothom. Ens vam sentir com aut\u00e8ntics professionals, il\u00b7luminats amb els focus i amb tot l\u2019Auditori ple! Hav\u00edem estat durant mesos aprenent les can\u00e7ons i assajant les coreografies i estem encantats del resultat.\ud83c\udfb6<\/span><\/p>\n","protected":false},"excerpt":{"rendered":"<p>&nbsp;<br \/>\n\ud83c\udfb5El passat dijous 29 de maig els alumnes de 6\u00e8 vam participar en la Cant\u00e0nia \u201cReal\u201d amb altres escoles de Vilafranca i del voltant. \u00c9rem 200 nens i nenes a l\u2019escenari, amb m\u00fasics en directe i dos solistes vocals. Va ser una experi\u00e8ncia inoblidable que&hellip;  <a href=\"https:\/\/agora.xtec.cat\/ceiprossendmontane\/portada\/general\/la-cantania-real-a-lauditori%f0%9f%8e%b6%f0%9f%8e%b5\/\" title=\"Read La Cant\u00e0nia &#8220;Real&#8221; a l&#8217;Auditori!\ud83c\udfb6\ud83c\udfb5\">Llegeix m\u00e9s\u00bb<\/a><\/p>\n","protected":false},"author":1,"featured_media":1791,"comment_status":"open","ping_status":"open","sticky":false,"template":"","format":"standard","meta":{"_bbp_topic_count":0,"_bbp_reply_count":0,"_bbp_total_topic_count":0,"_bbp_total_reply_count":0,"_bbp_voice_count":0,"_bbp_anonymous_reply_count":0,"_bbp_topic_count_hidden":0,"_bbp_reply_count_hidden":0,"_bbp_forum_subforum_count":0,"footnotes":""},"categories":[15,1,4,5],"tags":[110,217,100],"class_list":["post-1789","post","type-post","status-publish","format-standard","has-post-thumbnail","hentry","category-6e","category-general","category-portada","category-primaria","tag-cantania","tag-aprenemjunts","tag-musica"],"post_mailing_queue_ids":[],"_links":{"self":[{"href":"https:\/\/agora.xtec.cat\/ceiprossendmontane\/wp-json\/wp\/v2\/posts\/1789","targetHints":{"allow":["GET"]}}],"collection":[{"href":"https:\/\/agora.xtec.cat\/ceiprossendmontane\/wp-json\/wp\/v2\/posts"}],"about":[{"href":"https:\/\/agora.xtec.cat\/ceiprossendmontane\/wp-json\/wp\/v2\/types\/post"}],"author":[{"embeddable":true,"href":"https:\/\/agora.xtec.cat\/ceiprossendmontane\/wp-json\/wp\/v2\/users\/1"}],"replies":[{"embeddable":true,"href":"https:\/\/agora.xtec.cat\/ceiprossendmontane\/wp-json\/wp\/v2\/comments?post=1789"}],"version-history":[{"count":1,"href":"https:\/\/agora.xtec.cat\/ceiprossendmontane\/wp-json\/wp\/v2\/posts\/1789\/revisions"}],"predecessor-version":[{"id":1792,"href":"https:\/\/agora.xtec.cat\/ceiprossendmontane\/wp-json\/wp\/v2\/posts\/1789\/revisions\/1792"}],"wp:featuredmedia":[{"embeddable":true,"href":"https:\/\/agora.xtec.cat\/ceiprossendmontane\/wp-json\/wp\/v2\/media\/1791"}],"wp:attachment":[{"href":"https:\/\/agora.xtec.cat\/ceiprossendmontane\/wp-json\/wp\/v2\/media?parent=1789"}],"wp:term":[{"taxonomy":"category","embeddable":true,"href":"https:\/\/agora.xtec.cat\/ceiprossendmontane\/wp-json\/wp\/v2\/categories?post=1789"},{"taxonomy":"post_tag","embeddable":true,"href":"https:\/\/agora.xtec.cat\/ceiprossendmontane\/wp-json\/wp\/v2\/tags?post=1789"}],"curies":[{"name":"wp","href":"https:\/\/api.w.org\/{rel}","templated":true}]}}