{"id":1783,"date":"2025-05-30T13:36:53","date_gmt":"2025-05-30T11:36:53","guid":{"rendered":"https:\/\/agora.xtec.cat\/ceiprossendmontane\/?p=1783"},"modified":"2025-05-30T13:37:52","modified_gmt":"2025-05-30T11:37:52","slug":"fomentant-la-inclusio-a-traves-de-lesport-adaptat","status":"publish","type":"post","link":"https:\/\/agora.xtec.cat\/ceiprossendmontane\/portada\/general\/fomentant-la-inclusio-a-traves-de-lesport-adaptat\/","title":{"rendered":"Fomentant la inclusi\u00f3 a trav\u00e9s de l\u2019esport adaptat"},"content":{"rendered":"<p><span style=\"font-family: inherit; font-size: 1em;\">Sensibilitzar els alumnes sobre la diversitat i la inclusi\u00f3 \u00e9s fonamental per al seu creixement personal. Aquesta tasca requereix una acci\u00f3 continuada, i una de les activitats que ens ajuda a aconseguir-ho \u00e9s la viv\u00e8ncia de l\u2019<\/span>esport adaptat<span style=\"font-family: inherit; font-size: 1em;\">.<\/span><\/p>\n<p>Per segon curs consecutiu, hem comptat amb la col\u00b7laboraci\u00f3 de la Federaci\u00f3 Catalana de Par\u00e0lisi Cerebral, que ha organitzat activitats per a tots els cursos de l\u2019escola: jocs per als m\u00e9s petits i atletisme per a cecs, b\u00e0squet en cadira de rodes i boccia per als alumnes de mitjans i grans.<\/p>\n<p>A m\u00e9s, hem tingut la gran sort de comptar amb la participaci\u00f3 de tres esportistes amb discapacitat: Fido i Pol, amb discapacitat cerebral, i l&#8217;Ivan, amb discapacitat f\u00edsica. Han dinamitzat les activitats i han compartit amb l\u2019alumnat les seves experi\u00e8ncies personals, responent a les seves preguntes i oferint-los una nova perspectiva sobre l\u2019esport i la superaci\u00f3.<\/p>\n<p>Ha estat una jornada enriquidora i transformadora per a tothom, amb un aprenentatge que perdurar\u00e0 per sempre!<\/p>\n<div><\/div>\n","protected":false},"excerpt":{"rendered":"<p>Sensibilitzar els alumnes sobre la diversitat i la inclusi\u00f3 \u00e9s fonamental per al seu creixement personal. Aquesta tasca requereix una acci\u00f3 continuada, i una de les activitats que ens ajuda a aconseguir-ho \u00e9s la viv\u00e8ncia de l\u2019esport adaptat.<br \/>\nPer segon curs consecutiu, hem comptat amb la&hellip;  <a href=\"https:\/\/agora.xtec.cat\/ceiprossendmontane\/portada\/general\/fomentant-la-inclusio-a-traves-de-lesport-adaptat\/\" title=\"Read Fomentant la inclusi\u00f3 a trav\u00e9s de l\u2019esport adaptat\">Llegeix m\u00e9s\u00bb<\/a><\/p>\n","protected":false},"author":1,"featured_media":1784,"comment_status":"closed","ping_status":"closed","sticky":false,"template":"","format":"standard","meta":{"_bbp_topic_count":0,"_bbp_reply_count":0,"_bbp_total_topic_count":0,"_bbp_total_reply_count":0,"_bbp_voice_count":0,"_bbp_anonymous_reply_count":0,"_bbp_topic_count_hidden":0,"_bbp_reply_count_hidden":0,"_bbp_forum_subforum_count":0,"footnotes":""},"categories":[10,11,12,13,14,15,1,3,8,9,2,4,5],"tags":[118,224,225],"class_list":["post-1783","post","type-post","status-publish","format-standard","has-post-thumbnail","hentry","category-1r","category-2n","category-3r","category-4t","category-5e","category-6e","category-general","category-i3","category-i4","category-i5","category-infantil","category-portada","category-primaria","tag-educaciofisica","tag-ef","tag-esport-adaptat"],"post_mailing_queue_ids":[],"_links":{"self":[{"href":"https:\/\/agora.xtec.cat\/ceiprossendmontane\/wp-json\/wp\/v2\/posts\/1783","targetHints":{"allow":["GET"]}}],"collection":[{"href":"https:\/\/agora.xtec.cat\/ceiprossendmontane\/wp-json\/wp\/v2\/posts"}],"about":[{"href":"https:\/\/agora.xtec.cat\/ceiprossendmontane\/wp-json\/wp\/v2\/types\/post"}],"author":[{"embeddable":true,"href":"https:\/\/agora.xtec.cat\/ceiprossendmontane\/wp-json\/wp\/v2\/users\/1"}],"replies":[{"embeddable":true,"href":"https:\/\/agora.xtec.cat\/ceiprossendmontane\/wp-json\/wp\/v2\/comments?post=1783"}],"version-history":[{"count":2,"href":"https:\/\/agora.xtec.cat\/ceiprossendmontane\/wp-json\/wp\/v2\/posts\/1783\/revisions"}],"predecessor-version":[{"id":1786,"href":"https:\/\/agora.xtec.cat\/ceiprossendmontane\/wp-json\/wp\/v2\/posts\/1783\/revisions\/1786"}],"wp:featuredmedia":[{"embeddable":true,"href":"https:\/\/agora.xtec.cat\/ceiprossendmontane\/wp-json\/wp\/v2\/media\/1784"}],"wp:attachment":[{"href":"https:\/\/agora.xtec.cat\/ceiprossendmontane\/wp-json\/wp\/v2\/media?parent=1783"}],"wp:term":[{"taxonomy":"category","embeddable":true,"href":"https:\/\/agora.xtec.cat\/ceiprossendmontane\/wp-json\/wp\/v2\/categories?post=1783"},{"taxonomy":"post_tag","embeddable":true,"href":"https:\/\/agora.xtec.cat\/ceiprossendmontane\/wp-json\/wp\/v2\/tags?post=1783"}],"curies":[{"name":"wp","href":"https:\/\/api.w.org\/{rel}","templated":true}]}}