{"id":1766,"date":"2025-05-08T13:22:08","date_gmt":"2025-05-08T11:22:08","guid":{"rendered":"https:\/\/agora.xtec.cat\/ceiprossendmontane\/?p=1766"},"modified":"2025-05-08T13:22:08","modified_gmt":"2025-05-08T11:22:08","slug":"quines-colonies%f0%9f%8e%92%f0%9f%8c%b3%f0%9f%91%9f","status":"publish","type":"post","link":"https:\/\/agora.xtec.cat\/ceiprossendmontane\/portada\/general\/quines-colonies%f0%9f%8e%92%f0%9f%8c%b3%f0%9f%91%9f\/","title":{"rendered":"Quines col\u00f2nies!\ud83c\udf92\ud83c\udf33\ud83d\udc5f"},"content":{"rendered":"<p><img loading=\"lazy\" decoding=\"async\" class=\"aligncenter size-full wp-image-1772\" src=\"https:\/\/agora.xtec.cat\/ceiprossendmontane\/wp-content\/uploads\/usu2330\/2025\/05\/COLONIES-24-25-1.png\" alt=\"\" width=\"1000\" height=\"800\" srcset=\"https:\/\/agora.xtec.cat\/ceiprossendmontane\/wp-content\/uploads\/usu2330\/2025\/05\/COLONIES-24-25-1.png 1000w, https:\/\/agora.xtec.cat\/ceiprossendmontane\/wp-content\/uploads\/usu2330\/2025\/05\/COLONIES-24-25-1-300x240.png 300w, https:\/\/agora.xtec.cat\/ceiprossendmontane\/wp-content\/uploads\/usu2330\/2025\/05\/COLONIES-24-25-1-768x614.png 768w\" sizes=\"auto, (max-width: 1000px) 100vw, 1000px\" \/><\/p>\n<p>Aquest mes d\u2019abril ha acabat amb les col\u00f2nies, una experi\u00e8ncia inoblidable!\ud83c\udf92\ud83d\udc5f<\/p>\n<p>Per primera vegada, petits, mitjans i grans hem compartit el mateix dest\u00ed, i valorem que ha estat tot un \u00e8xit!\ud83e\udd73<\/p>\n<p>El dilluns, els grans de l\u2019escola van agafar les seves motxilles <span style=\"font-family: inherit; font-size: 1em;\">per marxar cap a Prades i comen\u00e7ar una aventura de dues nits. La primera sorpresa va ser l\u2019\u201capagada\u201d inesperada, per\u00f2 va acabar convertint-se en una an\u00e8cdota especial: per a sopar vam menjar plat calent sota la llum de les espelmes\ud83d\udd6f\ufe0f. Aut\u00e8ntic!<\/span><\/p>\n<p>El dimarts, els petits i mitjans s\u2019hi van unir per passar una nit. Les activitats els van entusiasmar \ud83d\udc69\u200d\ud83d\ude80\ud83e\ude90, aix\u00ed com l\u2019entorn\ud83c\udf33i les instal\u00b7lacions. A m\u00e9s, un factor clau ens va acompanyar: el bon temps!\u2600\ufe0f<\/p>\n<p>Aix\u00ed doncs, unes col\u00f2nies molt positives per fomentar la conviv\u00e8ncia, aprendre nous valors i con\u00e8ixer-nos millor en un entorn diferent.\ud83e\udd1d\ud83e\udd70<\/p>\n","protected":false},"excerpt":{"rendered":"<p>Aquest mes d\u2019abril ha acabat amb les col\u00f2nies, una experi\u00e8ncia inoblidable!\ud83c\udf92\ud83d\udc5f<br \/>\nPer primera vegada, petits, mitjans i grans hem compartit el mateix dest\u00ed, i valorem que ha estat tot un \u00e8xit!\ud83e\udd73<br \/>\nEl dilluns, els grans de l\u2019escola van agafar les seves motxilles per marxar cap a Prades&hellip;  <a href=\"https:\/\/agora.xtec.cat\/ceiprossendmontane\/portada\/general\/quines-colonies%f0%9f%8e%92%f0%9f%8c%b3%f0%9f%91%9f\/\" title=\"Read Quines col\u00f2nies!\ud83c\udf92\ud83c\udf33\ud83d\udc5f\">Llegeix m\u00e9s\u00bb<\/a><\/p>\n","protected":false},"author":1,"featured_media":1772,"comment_status":"open","ping_status":"closed","sticky":false,"template":"","format":"standard","meta":{"_bbp_topic_count":0,"_bbp_reply_count":0,"_bbp_total_topic_count":0,"_bbp_total_reply_count":0,"_bbp_voice_count":0,"_bbp_anonymous_reply_count":0,"_bbp_topic_count_hidden":0,"_bbp_reply_count_hidden":0,"_bbp_forum_subforum_count":0,"footnotes":""},"categories":[10,11,12,13,14,15,1,3,8,9,2,4,5],"tags":[115,217,216,218,159,219,220],"class_list":["post-1766","post","type-post","status-publish","format-standard","has-post-thumbnail","hentry","category-1r","category-2n","category-3r","category-4t","category-5e","category-6e","category-general","category-i3","category-i4","category-i5","category-infantil","category-portada","category-primaria","tag-colonies","tag-aprenemjunts","tag-aventura","tag-convivencia","tag-femescola","tag-gaudir","tag-natura"],"post_mailing_queue_ids":[],"_links":{"self":[{"href":"https:\/\/agora.xtec.cat\/ceiprossendmontane\/wp-json\/wp\/v2\/posts\/1766","targetHints":{"allow":["GET"]}}],"collection":[{"href":"https:\/\/agora.xtec.cat\/ceiprossendmontane\/wp-json\/wp\/v2\/posts"}],"about":[{"href":"https:\/\/agora.xtec.cat\/ceiprossendmontane\/wp-json\/wp\/v2\/types\/post"}],"author":[{"embeddable":true,"href":"https:\/\/agora.xtec.cat\/ceiprossendmontane\/wp-json\/wp\/v2\/users\/1"}],"replies":[{"embeddable":true,"href":"https:\/\/agora.xtec.cat\/ceiprossendmontane\/wp-json\/wp\/v2\/comments?post=1766"}],"version-history":[{"count":5,"href":"https:\/\/agora.xtec.cat\/ceiprossendmontane\/wp-json\/wp\/v2\/posts\/1766\/revisions"}],"predecessor-version":[{"id":1773,"href":"https:\/\/agora.xtec.cat\/ceiprossendmontane\/wp-json\/wp\/v2\/posts\/1766\/revisions\/1773"}],"wp:featuredmedia":[{"embeddable":true,"href":"https:\/\/agora.xtec.cat\/ceiprossendmontane\/wp-json\/wp\/v2\/media\/1772"}],"wp:attachment":[{"href":"https:\/\/agora.xtec.cat\/ceiprossendmontane\/wp-json\/wp\/v2\/media?parent=1766"}],"wp:term":[{"taxonomy":"category","embeddable":true,"href":"https:\/\/agora.xtec.cat\/ceiprossendmontane\/wp-json\/wp\/v2\/categories?post=1766"},{"taxonomy":"post_tag","embeddable":true,"href":"https:\/\/agora.xtec.cat\/ceiprossendmontane\/wp-json\/wp\/v2\/tags?post=1766"}],"curies":[{"name":"wp","href":"https:\/\/api.w.org\/{rel}","templated":true}]}}