{"id":1761,"date":"2025-04-11T08:58:34","date_gmt":"2025-04-11T06:58:34","guid":{"rendered":"https:\/\/agora.xtec.cat\/ceiprossendmontane\/?p=1761"},"modified":"2025-04-11T08:58:34","modified_gmt":"2025-04-11T06:58:34","slug":"per-que-es-mou-la-nostra-ombra%f0%9f%8c%8e%e2%98%80%ef%b8%8f","status":"publish","type":"post","link":"https:\/\/agora.xtec.cat\/ceiprossendmontane\/infantil\/per-que-es-mou-la-nostra-ombra%f0%9f%8c%8e%e2%98%80%ef%b8%8f\/","title":{"rendered":"Per qu\u00e8 es mou la nostra ombra?\ud83c\udf0e\u2600\ufe0f"},"content":{"rendered":"<p><img loading=\"lazy\" decoding=\"async\" class=\"aligncenter size-full wp-image-1762\" src=\"https:\/\/agora.xtec.cat\/ceiprossendmontane\/wp-content\/uploads\/usu2330\/2025\/04\/Space-Universe-Kids-Science-Award-Certificate.png\" alt=\"\" width=\"2000\" height=\"1414\" srcset=\"https:\/\/agora.xtec.cat\/ceiprossendmontane\/wp-content\/uploads\/usu2330\/2025\/04\/Space-Universe-Kids-Science-Award-Certificate.png 2000w, https:\/\/agora.xtec.cat\/ceiprossendmontane\/wp-content\/uploads\/usu2330\/2025\/04\/Space-Universe-Kids-Science-Award-Certificate-300x212.png 300w, https:\/\/agora.xtec.cat\/ceiprossendmontane\/wp-content\/uploads\/usu2330\/2025\/04\/Space-Universe-Kids-Science-Award-Certificate-1024x724.png 1024w, https:\/\/agora.xtec.cat\/ceiprossendmontane\/wp-content\/uploads\/usu2330\/2025\/04\/Space-Universe-Kids-Science-Award-Certificate-768x543.png 768w, https:\/\/agora.xtec.cat\/ceiprossendmontane\/wp-content\/uploads\/usu2330\/2025\/04\/Space-Universe-Kids-Science-Award-Certificate-1536x1086.png 1536w\" sizes=\"auto, (max-width: 2000px) 100vw, 2000px\" \/><\/p>\n<p>Els nens i nenes d\u2019i4 i i5 hem comen\u00e7at el projecte sobre la Terra a l\u2019Univers.\ud83c\udf0e\u2600\ufe0f<\/p>\n<p>Un dia jugant al pati vam quedar-nos observant la nostra ombra i vam comen\u00e7ar a jugar amb ella mentre ens formul\u00e0vem preguntes com ara per qu\u00e8 la veiem reflectida o qu\u00e8 passa si un n\u00favol tapa el Sol.\u2600\ufe0f<\/p>\n<p>Un altre dia ens vam preguntar si l\u2019ombra al llarg del dia sempre es veu igual i, per tant, vam fer un experiment per comprovar-ho: posar una girafa de joguina sobre un paper d\u2019embalar i observar com \u00e9s l\u2019ombra respecte a la posici\u00f3 del Sol a diferents hores (a les 9\u202fh, a les 12\u202fh i a les 16\u202fh). Llavors ens vam adonar que s\u00ed que hi havia canvis!!! I aix\u00f2 ens va portar a preguntar-nos per qu\u00e8 havia passat i si era perqu\u00e8 el Sol s\u2019havia mogut de lloc.<\/p>\n<p>Per confirmar la nostra hip\u00f2tesi un dia vam jugar a fer de Sol amb una llanterna i enfoc\u00e0vem un objecte a diferents dist\u00e0ncies. Vam veure com l\u2019ombra canviava, va ser molt divertit!\u2600\ufe0f<\/p>\n<p>A partir d\u2019aqu\u00ed, hem comen\u00e7at a treballar el moviment de rotaci\u00f3 de la Terra i ens estem adonant que realment no \u00e9s el Sol que es mou de lloc, sin\u00f3 la Terra.\ud83c\udf0e<\/p>\n","protected":false},"excerpt":{"rendered":"<p>Els nens i nenes d\u2019i4 i i5 hem comen\u00e7at el projecte sobre la Terra a l\u2019Univers.\ud83c\udf0e\u2600\ufe0f<br \/>\nUn dia jugant al pati vam quedar-nos observant la nostra ombra i vam comen\u00e7ar a jugar amb ella mentre ens formul\u00e0vem preguntes com ara per qu\u00e8 la veiem reflectida o&hellip;  <a href=\"https:\/\/agora.xtec.cat\/ceiprossendmontane\/infantil\/per-que-es-mou-la-nostra-ombra%f0%9f%8c%8e%e2%98%80%ef%b8%8f\/\" title=\"Read Per qu\u00e8 es mou la nostra ombra?\ud83c\udf0e\u2600\ufe0f\">Llegeix m\u00e9s\u00bb<\/a><\/p>\n","protected":false},"author":1,"featured_media":1762,"comment_status":"open","ping_status":"closed","sticky":false,"template":"","format":"standard","meta":{"_bbp_topic_count":0,"_bbp_reply_count":0,"_bbp_total_topic_count":0,"_bbp_total_reply_count":0,"_bbp_voice_count":0,"_bbp_anonymous_reply_count":0,"_bbp_topic_count_hidden":0,"_bbp_reply_count_hidden":0,"_bbp_forum_subforum_count":0,"footnotes":""},"categories":[8,9,2,4],"tags":[167,211,214,127,213,136,215,133,205,212],"class_list":["post-1761","post","type-post","status-publish","format-standard","has-post-thumbnail","hentry","category-i4","category-i5","category-infantil","category-portada","tag-aprenem","tag-aprenentatgesignificatiu","tag-elsol","tag-junts","tag-laterra","tag-medi","tag-model","tag-projecte","tag-steam","tag-univers"],"post_mailing_queue_ids":[],"_links":{"self":[{"href":"https:\/\/agora.xtec.cat\/ceiprossendmontane\/wp-json\/wp\/v2\/posts\/1761","targetHints":{"allow":["GET"]}}],"collection":[{"href":"https:\/\/agora.xtec.cat\/ceiprossendmontane\/wp-json\/wp\/v2\/posts"}],"about":[{"href":"https:\/\/agora.xtec.cat\/ceiprossendmontane\/wp-json\/wp\/v2\/types\/post"}],"author":[{"embeddable":true,"href":"https:\/\/agora.xtec.cat\/ceiprossendmontane\/wp-json\/wp\/v2\/users\/1"}],"replies":[{"embeddable":true,"href":"https:\/\/agora.xtec.cat\/ceiprossendmontane\/wp-json\/wp\/v2\/comments?post=1761"}],"version-history":[{"count":1,"href":"https:\/\/agora.xtec.cat\/ceiprossendmontane\/wp-json\/wp\/v2\/posts\/1761\/revisions"}],"predecessor-version":[{"id":1763,"href":"https:\/\/agora.xtec.cat\/ceiprossendmontane\/wp-json\/wp\/v2\/posts\/1761\/revisions\/1763"}],"wp:featuredmedia":[{"embeddable":true,"href":"https:\/\/agora.xtec.cat\/ceiprossendmontane\/wp-json\/wp\/v2\/media\/1762"}],"wp:attachment":[{"href":"https:\/\/agora.xtec.cat\/ceiprossendmontane\/wp-json\/wp\/v2\/media?parent=1761"}],"wp:term":[{"taxonomy":"category","embeddable":true,"href":"https:\/\/agora.xtec.cat\/ceiprossendmontane\/wp-json\/wp\/v2\/categories?post=1761"},{"taxonomy":"post_tag","embeddable":true,"href":"https:\/\/agora.xtec.cat\/ceiprossendmontane\/wp-json\/wp\/v2\/tags?post=1761"}],"curies":[{"name":"wp","href":"https:\/\/api.w.org\/{rel}","templated":true}]}}