{"id":1753,"date":"2025-04-02T10:52:14","date_gmt":"2025-04-02T08:52:14","guid":{"rendered":"https:\/\/agora.xtec.cat\/ceiprossendmontane\/?p=1753"},"modified":"2025-04-02T10:52:14","modified_gmt":"2025-04-02T08:52:14","slug":"consell-dinfants-2025%f0%9f%8e%99%ef%b8%8f","status":"publish","type":"post","link":"https:\/\/agora.xtec.cat\/ceiprossendmontane\/portada\/general\/consell-dinfants-2025%f0%9f%8e%99%ef%b8%8f\/","title":{"rendered":"Consell d&#8217;infants 2025\ud83c\udf99\ufe0f"},"content":{"rendered":"<p><img loading=\"lazy\" decoding=\"async\" class=\"aligncenter size-full wp-image-1754\" src=\"https:\/\/agora.xtec.cat\/ceiprossendmontane\/wp-content\/uploads\/usu2330\/2025\/04\/6e.png\" alt=\"\" width=\"637\" height=\"634\" srcset=\"https:\/\/agora.xtec.cat\/ceiprossendmontane\/wp-content\/uploads\/usu2330\/2025\/04\/6e.png 637w, https:\/\/agora.xtec.cat\/ceiprossendmontane\/wp-content\/uploads\/usu2330\/2025\/04\/6e-300x300.png 300w, https:\/\/agora.xtec.cat\/ceiprossendmontane\/wp-content\/uploads\/usu2330\/2025\/04\/6e-150x150.png 150w\" sizes=\"auto, (max-width: 637px) 100vw, 637px\" \/><\/p>\n<p><span style=\"font-weight: 400;\">El passat dia 27 de mar\u00e7 l\u2019alumnat de 6\u00e8 vam presentar a l\u2019Ajuntament d\u2019Ol\u00e8rdola els dos projectes del segon Consell d\u2019Infants. Conjuntament amb l\u2019escola del Circell, els nostres representants van presentar el projecte <em>\u201cRenovem\u201d<\/em> i el projecte <em>\u201cCabana natural pel pati\u201d<\/em>.\u00a0 Aquest segon projecte \u00e9s el que va tenir m\u00e9s vots, i, per tant, enguany es dur\u00e0 a terme aquest.\u00a0\u00a0<\/span><\/p>\n<p><span style=\"font-weight: 400;\">Aquest projecte ha estat fruit del treball de tots i totes, partint de dinou idees que vam anar seleccionant fins a arribar al desenvolupament dels dos projectes que vam presentar.<\/span><\/p>\n<p><span style=\"font-weight: 400;\">La jornada va ser tot el mat\u00ed i fou un ple amb totes les lletres, ja que la nostra alcaldessa, la Fina Mascar\u00f3, va presidir el ple.<\/span><\/p>\n<p><span style=\"font-weight: 400;\">Agra\u00efm l\u2019Ajuntament d\u2019Ol\u00e8rdola per aquesta iniciativa en qu\u00e8 l\u2019alumnat de 6\u00e8 ha participat per segona vegada.\ud83d\ude4c<\/span><\/p>\n<p><span style=\"font-weight: 400;\">De fet, ens podeu escoltar al Canal 20 r\u00e0dio\ud83c\udf99\ufe0f a l&#8217;infop\u00f2dcast del dia 28 de mar\u00e7: <\/span><a href=\"https:\/\/goo.su\/S4IyHQS\"><span style=\"font-weight: 400;\">https:\/\/goo.su\/S4IyHQS<\/span><\/a><\/p>\n","protected":false},"excerpt":{"rendered":"<p>El passat dia 27 de mar\u00e7 l\u2019alumnat de 6\u00e8 vam presentar a l\u2019Ajuntament d\u2019Ol\u00e8rdola els dos projectes del segon Consell d\u2019Infants. Conjuntament amb l\u2019escola del Circell, els nostres representants van presentar el projecte \u201cRenovem\u201d i el projecte \u201cCabana natural pel pati\u201d.\u00a0 Aquest segon projecte \u00e9s&hellip;  <a href=\"https:\/\/agora.xtec.cat\/ceiprossendmontane\/portada\/general\/consell-dinfants-2025%f0%9f%8e%99%ef%b8%8f\/\" title=\"Read Consell d&#8217;infants 2025\ud83c\udf99\ufe0f\">Llegeix m\u00e9s\u00bb<\/a><\/p>\n","protected":false},"author":1,"featured_media":1754,"comment_status":"open","ping_status":"closed","sticky":false,"template":"","format":"standard","meta":{"_bbp_topic_count":0,"_bbp_reply_count":0,"_bbp_total_topic_count":0,"_bbp_total_reply_count":0,"_bbp_voice_count":0,"_bbp_anonymous_reply_count":0,"_bbp_topic_count_hidden":0,"_bbp_reply_count_hidden":0,"_bbp_forum_subforum_count":0,"footnotes":""},"categories":[15,1,4,5],"tags":[151,167,211,209,210],"class_list":["post-1753","post","type-post","status-publish","format-standard","has-post-thumbnail","hentry","category-6e","category-general","category-portada","category-primaria","tag-ajuntament","tag-aprenem","tag-aprenentatgesignificatiu","tag-consellinfants","tag-projectes"],"post_mailing_queue_ids":[],"_links":{"self":[{"href":"https:\/\/agora.xtec.cat\/ceiprossendmontane\/wp-json\/wp\/v2\/posts\/1753","targetHints":{"allow":["GET"]}}],"collection":[{"href":"https:\/\/agora.xtec.cat\/ceiprossendmontane\/wp-json\/wp\/v2\/posts"}],"about":[{"href":"https:\/\/agora.xtec.cat\/ceiprossendmontane\/wp-json\/wp\/v2\/types\/post"}],"author":[{"embeddable":true,"href":"https:\/\/agora.xtec.cat\/ceiprossendmontane\/wp-json\/wp\/v2\/users\/1"}],"replies":[{"embeddable":true,"href":"https:\/\/agora.xtec.cat\/ceiprossendmontane\/wp-json\/wp\/v2\/comments?post=1753"}],"version-history":[{"count":1,"href":"https:\/\/agora.xtec.cat\/ceiprossendmontane\/wp-json\/wp\/v2\/posts\/1753\/revisions"}],"predecessor-version":[{"id":1755,"href":"https:\/\/agora.xtec.cat\/ceiprossendmontane\/wp-json\/wp\/v2\/posts\/1753\/revisions\/1755"}],"wp:featuredmedia":[{"embeddable":true,"href":"https:\/\/agora.xtec.cat\/ceiprossendmontane\/wp-json\/wp\/v2\/media\/1754"}],"wp:attachment":[{"href":"https:\/\/agora.xtec.cat\/ceiprossendmontane\/wp-json\/wp\/v2\/media?parent=1753"}],"wp:term":[{"taxonomy":"category","embeddable":true,"href":"https:\/\/agora.xtec.cat\/ceiprossendmontane\/wp-json\/wp\/v2\/categories?post=1753"},{"taxonomy":"post_tag","embeddable":true,"href":"https:\/\/agora.xtec.cat\/ceiprossendmontane\/wp-json\/wp\/v2\/tags?post=1753"}],"curies":[{"name":"wp","href":"https:\/\/api.w.org\/{rel}","templated":true}]}}