{"id":1749,"date":"2025-04-02T10:45:37","date_gmt":"2025-04-02T08:45:37","guid":{"rendered":"https:\/\/agora.xtec.cat\/ceiprossendmontane\/?p=1749"},"modified":"2025-04-02T10:45:37","modified_gmt":"2025-04-02T08:45:37","slug":"visita-a-les-coves-prehistoriques-de-lespluga-de-francoli","status":"publish","type":"post","link":"https:\/\/agora.xtec.cat\/ceiprossendmontane\/portada\/general\/visita-a-les-coves-prehistoriques-de-lespluga-de-francoli\/","title":{"rendered":"Visita a les coves prehist\u00f2riques de l&#8217;Espluga de Francol\u00ed!"},"content":{"rendered":"<p><img loading=\"lazy\" decoding=\"async\" class=\"aligncenter size-full wp-image-1751\" src=\"https:\/\/agora.xtec.cat\/ceiprossendmontane\/wp-content\/uploads\/usu2330\/2025\/04\/Captura-de-pantalla-2025-04-02-104132.png\" alt=\"\" width=\"648\" height=\"657\" srcset=\"https:\/\/agora.xtec.cat\/ceiprossendmontane\/wp-content\/uploads\/usu2330\/2025\/04\/Captura-de-pantalla-2025-04-02-104132.png 648w, https:\/\/agora.xtec.cat\/ceiprossendmontane\/wp-content\/uploads\/usu2330\/2025\/04\/Captura-de-pantalla-2025-04-02-104132-296x300.png 296w\" sizes=\"auto, (max-width: 648px) 100vw, 648px\" \/><\/p>\n<p><span style=\"font-weight: 400;\">El passat 19 de mar\u00e7 els infants de tercer, vam anar d\u2019excursi\u00f3 a visitar les coves prehist\u00f2riques de l\u2019Espluga del Francol\u00ed. Coincidint amb el projecte que fa setmanes que duem a terme, hem pogut veure de primera m\u00e0 un espai \u00fanic que ens ha transportat al passat m\u00e9s lluny\u00e0 que tenim. \ud83d\ude31<\/span><\/p>\n<p><span style=\"font-weight: 400;\">Hem participat en dues activitats que ens han encantat. Primer ens han fet un taller sobre com era la vida dins les coves, com podien fer foc\ud83d\udd25 i finalment ens hem pogut provar com a artistes prehist\u00f2rics fent uns gravats i unes pintures rupestres d\u2019all\u00f2 m\u00e9s realistes.<\/span><\/p>\n<p><span style=\"font-weight: 400;\">Despr\u00e9s hem fet una visita per l\u2019interior de la cova, on hi havia escenes de la vida que feien all\u00e0 els homes i dones prehist\u00f2rics. Ens han explicat curiositats i com ha anat canviant al llarg del temps fins a arribar a avui en dia. \ud83d\udde3\ufe0f<\/span><\/p>\n<p><span style=\"font-weight: 400;\">Finalment, hem vist cabanes del neol\u00edtic i de l\u2019edat dels metalls, hi hem entrat i ens hem imaginat com seria la nostra vida actual all\u00e0 dins, no ens hi hem acabat de veure\u2026\ud83e\udd37<\/span><\/p>\n<p><span style=\"font-weight: 400;\">Ha estat una excursi\u00f3 molt divertida on hem pogut aplicar tot all\u00f2 que hem estat treballant, s\u00ed que sab\u00edem coses!\ud83d\ude4c<\/span><\/p>\n","protected":false},"excerpt":{"rendered":"<p>El passat 19 de mar\u00e7 els infants de tercer, vam anar d\u2019excursi\u00f3 a visitar les coves prehist\u00f2riques de l\u2019Espluga del Francol\u00ed. Coincidint amb el projecte que fa setmanes que duem a terme, hem pogut veure de primera m\u00e0 un espai \u00fanic que ens ha transportat&hellip;  <a href=\"https:\/\/agora.xtec.cat\/ceiprossendmontane\/portada\/general\/visita-a-les-coves-prehistoriques-de-lespluga-de-francoli\/\" title=\"Read Visita a les coves prehist\u00f2riques de l&#8217;Espluga de Francol\u00ed!\">Llegeix m\u00e9s\u00bb<\/a><\/p>\n","protected":false},"author":1,"featured_media":1751,"comment_status":"open","ping_status":"closed","sticky":false,"template":"","format":"standard","meta":{"_bbp_topic_count":0,"_bbp_reply_count":0,"_bbp_total_topic_count":0,"_bbp_total_reply_count":0,"_bbp_voice_count":0,"_bbp_anonymous_reply_count":0,"_bbp_topic_count_hidden":0,"_bbp_reply_count_hidden":0,"_bbp_forum_subforum_count":0,"footnotes":""},"categories":[12,1,5],"tags":[167,136,207,208,206,205],"class_list":["post-1749","post","type-post","status-publish","format-standard","has-post-thumbnail","hentry","category-3r","category-general","category-primaria","tag-aprenem","tag-medi","tag-pinturesrupestres","tag-prehistoria","tag-sortida","tag-steam"],"post_mailing_queue_ids":[],"_links":{"self":[{"href":"https:\/\/agora.xtec.cat\/ceiprossendmontane\/wp-json\/wp\/v2\/posts\/1749","targetHints":{"allow":["GET"]}}],"collection":[{"href":"https:\/\/agora.xtec.cat\/ceiprossendmontane\/wp-json\/wp\/v2\/posts"}],"about":[{"href":"https:\/\/agora.xtec.cat\/ceiprossendmontane\/wp-json\/wp\/v2\/types\/post"}],"author":[{"embeddable":true,"href":"https:\/\/agora.xtec.cat\/ceiprossendmontane\/wp-json\/wp\/v2\/users\/1"}],"replies":[{"embeddable":true,"href":"https:\/\/agora.xtec.cat\/ceiprossendmontane\/wp-json\/wp\/v2\/comments?post=1749"}],"version-history":[{"count":1,"href":"https:\/\/agora.xtec.cat\/ceiprossendmontane\/wp-json\/wp\/v2\/posts\/1749\/revisions"}],"predecessor-version":[{"id":1752,"href":"https:\/\/agora.xtec.cat\/ceiprossendmontane\/wp-json\/wp\/v2\/posts\/1749\/revisions\/1752"}],"wp:featuredmedia":[{"embeddable":true,"href":"https:\/\/agora.xtec.cat\/ceiprossendmontane\/wp-json\/wp\/v2\/media\/1751"}],"wp:attachment":[{"href":"https:\/\/agora.xtec.cat\/ceiprossendmontane\/wp-json\/wp\/v2\/media?parent=1749"}],"wp:term":[{"taxonomy":"category","embeddable":true,"href":"https:\/\/agora.xtec.cat\/ceiprossendmontane\/wp-json\/wp\/v2\/categories?post=1749"},{"taxonomy":"post_tag","embeddable":true,"href":"https:\/\/agora.xtec.cat\/ceiprossendmontane\/wp-json\/wp\/v2\/tags?post=1749"}],"curies":[{"name":"wp","href":"https:\/\/api.w.org\/{rel}","templated":true}]}}