{"id":1747,"date":"2025-04-02T11:02:32","date_gmt":"2025-04-02T09:02:32","guid":{"rendered":"https:\/\/agora.xtec.cat\/ceiprossendmontane\/?p=1747"},"modified":"2025-04-02T11:02:32","modified_gmt":"2025-04-02T09:02:32","slug":"en-fem-50%f0%9f%8e%89%f0%9f%8e%82","status":"publish","type":"post","link":"https:\/\/agora.xtec.cat\/ceiprossendmontane\/portada\/general\/en-fem-50%f0%9f%8e%89%f0%9f%8e%82\/","title":{"rendered":"EN FEM 50!\ud83c\udf89\ud83c\udf82"},"content":{"rendered":"<p><img loading=\"lazy\" decoding=\"async\" class=\"aligncenter size-full wp-image-1756\" src=\"https:\/\/agora.xtec.cat\/ceiprossendmontane\/wp-content\/uploads\/usu2330\/2025\/04\/En-fem-50.png\" alt=\"\" width=\"1080\" height=\"1080\" srcset=\"https:\/\/agora.xtec.cat\/ceiprossendmontane\/wp-content\/uploads\/usu2330\/2025\/04\/En-fem-50.png 1080w, https:\/\/agora.xtec.cat\/ceiprossendmontane\/wp-content\/uploads\/usu2330\/2025\/04\/En-fem-50-300x300.png 300w, https:\/\/agora.xtec.cat\/ceiprossendmontane\/wp-content\/uploads\/usu2330\/2025\/04\/En-fem-50-1024x1024.png 1024w, https:\/\/agora.xtec.cat\/ceiprossendmontane\/wp-content\/uploads\/usu2330\/2025\/04\/En-fem-50-150x150.png 150w, https:\/\/agora.xtec.cat\/ceiprossendmontane\/wp-content\/uploads\/usu2330\/2025\/04\/En-fem-50-768x768.png 768w\" sizes=\"auto, (max-width: 1080px) 100vw, 1080px\" \/><\/p>\n<p>El dissabte 29 de mar\u00e7 vam poder celebrar amb tota la comunitat educativa l&#8217;aniversari de l&#8217;escola. Aquest any en fem 50!\ud83c\udf82<\/p>\n<p>Va ser un dia ple de records de tota mena, de felicitat i de compartir un moment \u00fanic i molt especial. Estem molt agra\u00efts per l&#8217;assist\u00e8ncia de tot el col\u00b7lectiu; des dels que van assistir als inicis de l&#8217;escola fins als que el dia d&#8217;avui ajuden a fer que l&#8217;escola sigui cada vegada millor. Quin \u00e8xit de dia!<\/p>\n<p>Moltes gr\u00e0cies a tothom per formar part de l&#8217;escola.\ud83e\udd70<\/p>\n<p>Junts fem escola\ud83d\udc96<\/p>\n<p>&nbsp;<\/p>\n","protected":false},"excerpt":{"rendered":"<p>El dissabte 29 de mar\u00e7 vam poder celebrar amb tota la comunitat educativa l&#8217;aniversari de l&#8217;escola. Aquest any en fem 50!\ud83c\udf82<br \/>\nVa ser un dia ple de records de tota mena, de felicitat i de compartir un moment \u00fanic i molt especial. Estem molt agra\u00efts per&hellip;  <a href=\"https:\/\/agora.xtec.cat\/ceiprossendmontane\/portada\/general\/en-fem-50%f0%9f%8e%89%f0%9f%8e%82\/\" title=\"Read EN FEM 50!\ud83c\udf89\ud83c\udf82\">Llegeix m\u00e9s\u00bb<\/a><\/p>\n","protected":false},"author":1,"featured_media":1756,"comment_status":"open","ping_status":"closed","sticky":false,"template":"","format":"standard","meta":{"_bbp_topic_count":0,"_bbp_reply_count":0,"_bbp_total_topic_count":0,"_bbp_total_reply_count":0,"_bbp_voice_count":0,"_bbp_anonymous_reply_count":0,"_bbp_topic_count_hidden":0,"_bbp_reply_count_hidden":0,"_bbp_forum_subforum_count":0,"footnotes":""},"categories":[1,2,4,5],"tags":[204,200,202,201,203,159,128,127],"class_list":["post-1747","post","type-post","status-publish","format-standard","has-post-thumbnail","hentry","category-general","category-infantil","category-portada","category-primaria","tag-alegria","tag-aniversari","tag-celebracio","tag-enfem50","tag-escola","tag-femescola","tag-festa","tag-junts"],"post_mailing_queue_ids":[],"_links":{"self":[{"href":"https:\/\/agora.xtec.cat\/ceiprossendmontane\/wp-json\/wp\/v2\/posts\/1747","targetHints":{"allow":["GET"]}}],"collection":[{"href":"https:\/\/agora.xtec.cat\/ceiprossendmontane\/wp-json\/wp\/v2\/posts"}],"about":[{"href":"https:\/\/agora.xtec.cat\/ceiprossendmontane\/wp-json\/wp\/v2\/types\/post"}],"author":[{"embeddable":true,"href":"https:\/\/agora.xtec.cat\/ceiprossendmontane\/wp-json\/wp\/v2\/users\/1"}],"replies":[{"embeddable":true,"href":"https:\/\/agora.xtec.cat\/ceiprossendmontane\/wp-json\/wp\/v2\/comments?post=1747"}],"version-history":[{"count":2,"href":"https:\/\/agora.xtec.cat\/ceiprossendmontane\/wp-json\/wp\/v2\/posts\/1747\/revisions"}],"predecessor-version":[{"id":1757,"href":"https:\/\/agora.xtec.cat\/ceiprossendmontane\/wp-json\/wp\/v2\/posts\/1747\/revisions\/1757"}],"wp:featuredmedia":[{"embeddable":true,"href":"https:\/\/agora.xtec.cat\/ceiprossendmontane\/wp-json\/wp\/v2\/media\/1756"}],"wp:attachment":[{"href":"https:\/\/agora.xtec.cat\/ceiprossendmontane\/wp-json\/wp\/v2\/media?parent=1747"}],"wp:term":[{"taxonomy":"category","embeddable":true,"href":"https:\/\/agora.xtec.cat\/ceiprossendmontane\/wp-json\/wp\/v2\/categories?post=1747"},{"taxonomy":"post_tag","embeddable":true,"href":"https:\/\/agora.xtec.cat\/ceiprossendmontane\/wp-json\/wp\/v2\/tags?post=1747"}],"curies":[{"name":"wp","href":"https:\/\/api.w.org\/{rel}","templated":true}]}}