{"id":1732,"date":"2025-03-06T08:37:15","date_gmt":"2025-03-06T07:37:15","guid":{"rendered":"https:\/\/agora.xtec.cat\/ceiprossendmontane\/?p=1732"},"modified":"2025-03-06T08:37:15","modified_gmt":"2025-03-06T07:37:15","slug":"carnaval-carnaval%f0%9f%8e%ad%f0%9f%8e%89","status":"publish","type":"post","link":"https:\/\/agora.xtec.cat\/ceiprossendmontane\/portada\/general\/carnaval-carnaval%f0%9f%8e%ad%f0%9f%8e%89\/","title":{"rendered":"Carnaval, carnaval!\ud83c\udfad\ud83c\udf89"},"content":{"rendered":"<p><img loading=\"lazy\" decoding=\"async\" class=\"aligncenter size-full wp-image-1734\" src=\"https:\/\/agora.xtec.cat\/ceiprossendmontane\/wp-content\/uploads\/usu2330\/2025\/03\/Carnaval-24-25.jpg\" alt=\"\" width=\"886\" height=\"591\" srcset=\"https:\/\/agora.xtec.cat\/ceiprossendmontane\/wp-content\/uploads\/usu2330\/2025\/03\/Carnaval-24-25.jpg 886w, https:\/\/agora.xtec.cat\/ceiprossendmontane\/wp-content\/uploads\/usu2330\/2025\/03\/Carnaval-24-25-300x200.jpg 300w, https:\/\/agora.xtec.cat\/ceiprossendmontane\/wp-content\/uploads\/usu2330\/2025\/03\/Carnaval-24-25-768x512.jpg 768w\" sizes=\"auto, (max-width: 886px) 100vw, 886px\" \/>El divendres es va convertir en un dia poc convencional a l&#8217;escola! A primera hora, les mestres vam preparar una sorpresa per tot l&#8217;alumnat intercanviant-los les posicions de treball (secretaria, conserge, mestres, direcci\u00f3, neteja&#8230;), i a la tarda, vam poder compartir la festa amb totes les fam\u00edlies.<\/p>\n<p>Qu\u00e8 en penseu del preg\u00f3 de 6\u00e8? A nosaltres ens van fer riure molt! S\u00f3n fant\u00e0stics!\ud83c\udfa4<\/p>\n<p>I la rua a la pla\u00e7a de l&#8217;escola va ser impressionant! Els i les alumnes van lluir totes les disfresses fetes amb tanta il\u00b7lusi\u00f3 al ritme de les coreografies que tamb\u00e9 havien creat sols\/es. Que b\u00e9 ens ho vam passar!\ud83c\udfb6<\/p>\n<p>Aix\u00ed fem escola!<\/p>\n","protected":false},"excerpt":{"rendered":"<p>El divendres es va convertir en un dia poc convencional a l&#8217;escola! A primera hora, les mestres vam preparar una sorpresa per tot l&#8217;alumnat intercanviant-los les posicions de treball (secretaria, conserge, mestres, direcci\u00f3, neteja&#8230;), i a la tarda, vam poder compartir la festa amb totes&hellip;  <a href=\"https:\/\/agora.xtec.cat\/ceiprossendmontane\/portada\/general\/carnaval-carnaval%f0%9f%8e%ad%f0%9f%8e%89\/\" title=\"Read Carnaval, carnaval!\ud83c\udfad\ud83c\udf89\">Llegeix m\u00e9s\u00bb<\/a><\/p>\n","protected":false},"author":1,"featured_media":1734,"comment_status":"open","ping_status":"closed","sticky":false,"template":"","format":"standard","meta":{"_bbp_topic_count":0,"_bbp_reply_count":0,"_bbp_total_topic_count":0,"_bbp_total_reply_count":0,"_bbp_voice_count":0,"_bbp_anonymous_reply_count":0,"_bbp_topic_count_hidden":0,"_bbp_reply_count_hidden":0,"_bbp_forum_subforum_count":0,"footnotes":""},"categories":[1,2,4,5],"tags":[],"class_list":["post-1732","post","type-post","status-publish","format-standard","has-post-thumbnail","hentry","category-general","category-infantil","category-portada","category-primaria"],"post_mailing_queue_ids":[],"_links":{"self":[{"href":"https:\/\/agora.xtec.cat\/ceiprossendmontane\/wp-json\/wp\/v2\/posts\/1732","targetHints":{"allow":["GET"]}}],"collection":[{"href":"https:\/\/agora.xtec.cat\/ceiprossendmontane\/wp-json\/wp\/v2\/posts"}],"about":[{"href":"https:\/\/agora.xtec.cat\/ceiprossendmontane\/wp-json\/wp\/v2\/types\/post"}],"author":[{"embeddable":true,"href":"https:\/\/agora.xtec.cat\/ceiprossendmontane\/wp-json\/wp\/v2\/users\/1"}],"replies":[{"embeddable":true,"href":"https:\/\/agora.xtec.cat\/ceiprossendmontane\/wp-json\/wp\/v2\/comments?post=1732"}],"version-history":[{"count":1,"href":"https:\/\/agora.xtec.cat\/ceiprossendmontane\/wp-json\/wp\/v2\/posts\/1732\/revisions"}],"predecessor-version":[{"id":1735,"href":"https:\/\/agora.xtec.cat\/ceiprossendmontane\/wp-json\/wp\/v2\/posts\/1732\/revisions\/1735"}],"wp:featuredmedia":[{"embeddable":true,"href":"https:\/\/agora.xtec.cat\/ceiprossendmontane\/wp-json\/wp\/v2\/media\/1734"}],"wp:attachment":[{"href":"https:\/\/agora.xtec.cat\/ceiprossendmontane\/wp-json\/wp\/v2\/media?parent=1732"}],"wp:term":[{"taxonomy":"category","embeddable":true,"href":"https:\/\/agora.xtec.cat\/ceiprossendmontane\/wp-json\/wp\/v2\/categories?post=1732"},{"taxonomy":"post_tag","embeddable":true,"href":"https:\/\/agora.xtec.cat\/ceiprossendmontane\/wp-json\/wp\/v2\/tags?post=1732"}],"curies":[{"name":"wp","href":"https:\/\/api.w.org\/{rel}","templated":true}]}}