{"id":1728,"date":"2025-02-26T13:03:45","date_gmt":"2025-02-26T12:03:45","guid":{"rendered":"https:\/\/agora.xtec.cat\/ceiprossendmontane\/?p=1728"},"modified":"2025-02-26T13:03:49","modified_gmt":"2025-02-26T12:03:49","slug":"%f0%9f%a9%b8cada-gota-compta-cada-vida-importa%f0%9f%a9%b8","status":"publish","type":"post","link":"https:\/\/agora.xtec.cat\/ceiprossendmontane\/portada\/general\/%f0%9f%a9%b8cada-gota-compta-cada-vida-importa%f0%9f%a9%b8\/","title":{"rendered":"\ud83e\ude78CADA GOTA COMPTA, CADA VIDA IMPORTA\ud83e\ude78"},"content":{"rendered":"<p><img loading=\"lazy\" decoding=\"async\" class=\"aligncenter size-full wp-image-1729\" src=\"https:\/\/agora.xtec.cat\/ceiprossendmontane\/wp-content\/uploads\/usu2330\/2025\/02\/CARTELL-CAMPANYA-DE-DONACIO-DE-SANG-1.jpg\" alt=\"\" width=\"1587\" height=\"2245\" srcset=\"https:\/\/agora.xtec.cat\/ceiprossendmontane\/wp-content\/uploads\/usu2330\/2025\/02\/CARTELL-CAMPANYA-DE-DONACIO-DE-SANG-1.jpg 1587w, https:\/\/agora.xtec.cat\/ceiprossendmontane\/wp-content\/uploads\/usu2330\/2025\/02\/CARTELL-CAMPANYA-DE-DONACIO-DE-SANG-1-212x300.jpg 212w, https:\/\/agora.xtec.cat\/ceiprossendmontane\/wp-content\/uploads\/usu2330\/2025\/02\/CARTELL-CAMPANYA-DE-DONACIO-DE-SANG-1-724x1024.jpg 724w, https:\/\/agora.xtec.cat\/ceiprossendmontane\/wp-content\/uploads\/usu2330\/2025\/02\/CARTELL-CAMPANYA-DE-DONACIO-DE-SANG-1-768x1086.jpg 768w, https:\/\/agora.xtec.cat\/ceiprossendmontane\/wp-content\/uploads\/usu2330\/2025\/02\/CARTELL-CAMPANYA-DE-DONACIO-DE-SANG-1-1086x1536.jpg 1086w, https:\/\/agora.xtec.cat\/ceiprossendmontane\/wp-content\/uploads\/usu2330\/2025\/02\/CARTELL-CAMPANYA-DE-DONACIO-DE-SANG-1-1448x2048.jpg 1448w\" sizes=\"auto, (max-width: 1587px) 100vw, 1587px\" \/><\/p>\n<p><span style=\"font-weight: 400;\">Els i les alumnes de cinqu\u00e8 de l\u2019escola Rossend Montan\u00e9 hem estat organitzant la campanya de donaci\u00f3 de sang d\u2019aquest any.\ud83e\ude78<\/span><\/p>\n<p><span style=\"font-weight: 400;\">Ens hem centrat en fer la divulgaci\u00f3 d\u2019aquesta campanya a trav\u00e9s de diferents mitjans de comunicaci\u00f3: article al Butllet\u00ed Informatiu d\u2019Ol\u00e8rdola, al 3de8 i la Fura.<\/span><\/p>\n<p><span style=\"font-weight: 400;\">Tamb\u00e9 ens han entrevistat des de la R\u00e0dio d\u2019Ol\u00e8rdola\ud83c\udf99\ufe0f i hem creat una can\u00e7\u00f3\ud83c\udfa4 per animar a tothom perqu\u00e8 formi part d\u2019aquest projecte. Aqu\u00ed a l&#8217;escola l&#8217;<\/span><span style=\"font-weight: 400;\">escoltarem els dies previs a la campanya i es reproduir\u00e0 al canal 20 d\u2019Ol\u00e8rdola.\u00a0<\/span><\/p>\n<p><span style=\"font-weight: 400;\">Finalment, hem creat un v\u00eddeo informatiu, el qual volem compartir amb tots i totes vosaltres: <a href=\"https:\/\/www.youtube.com\/watch?feature=shared&amp;v=2FQR3yNB97c&amp;cbrd=1\">Cada gota compta, cada vida importa<\/a><\/span><\/p>\n<p>Animeu-vos a venir a donar sang!!!!<span style=\"font-weight: 400;\">\ud83e\ude78<\/span><\/p>\n","protected":false},"excerpt":{"rendered":"<p>Els i les alumnes de cinqu\u00e8 de l\u2019escola Rossend Montan\u00e9 hem estat organitzant la campanya de donaci\u00f3 de sang d\u2019aquest any.\ud83e\ude78<br \/>\nEns hem centrat en fer la divulgaci\u00f3 d\u2019aquesta campanya a trav\u00e9s de diferents mitjans de comunicaci\u00f3: article al Butllet\u00ed Informatiu d\u2019Ol\u00e8rdola, al 3de8 i la&hellip;  <a href=\"https:\/\/agora.xtec.cat\/ceiprossendmontane\/portada\/general\/%f0%9f%a9%b8cada-gota-compta-cada-vida-importa%f0%9f%a9%b8\/\" title=\"Read \ud83e\ude78CADA GOTA COMPTA, CADA VIDA IMPORTA\ud83e\ude78\">Llegeix m\u00e9s\u00bb<\/a><\/p>\n","protected":false},"author":1,"featured_media":1729,"comment_status":"open","ping_status":"closed","sticky":false,"template":"","format":"standard","meta":{"_bbp_topic_count":0,"_bbp_reply_count":0,"_bbp_total_topic_count":0,"_bbp_total_reply_count":0,"_bbp_voice_count":0,"_bbp_anonymous_reply_count":0,"_bbp_topic_count_hidden":0,"_bbp_reply_count_hidden":0,"_bbp_forum_subforum_count":0,"footnotes":""},"categories":[14,1,2,4,5],"tags":[190,189],"class_list":["post-1728","post","type-post","status-publish","format-standard","has-post-thumbnail","hentry","category-5e","category-general","category-infantil","category-portada","category-primaria","tag-ajudar","tag-donaciosang"],"post_mailing_queue_ids":[],"_links":{"self":[{"href":"https:\/\/agora.xtec.cat\/ceiprossendmontane\/wp-json\/wp\/v2\/posts\/1728","targetHints":{"allow":["GET"]}}],"collection":[{"href":"https:\/\/agora.xtec.cat\/ceiprossendmontane\/wp-json\/wp\/v2\/posts"}],"about":[{"href":"https:\/\/agora.xtec.cat\/ceiprossendmontane\/wp-json\/wp\/v2\/types\/post"}],"author":[{"embeddable":true,"href":"https:\/\/agora.xtec.cat\/ceiprossendmontane\/wp-json\/wp\/v2\/users\/1"}],"replies":[{"embeddable":true,"href":"https:\/\/agora.xtec.cat\/ceiprossendmontane\/wp-json\/wp\/v2\/comments?post=1728"}],"version-history":[{"count":2,"href":"https:\/\/agora.xtec.cat\/ceiprossendmontane\/wp-json\/wp\/v2\/posts\/1728\/revisions"}],"predecessor-version":[{"id":1731,"href":"https:\/\/agora.xtec.cat\/ceiprossendmontane\/wp-json\/wp\/v2\/posts\/1728\/revisions\/1731"}],"wp:featuredmedia":[{"embeddable":true,"href":"https:\/\/agora.xtec.cat\/ceiprossendmontane\/wp-json\/wp\/v2\/media\/1729"}],"wp:attachment":[{"href":"https:\/\/agora.xtec.cat\/ceiprossendmontane\/wp-json\/wp\/v2\/media?parent=1728"}],"wp:term":[{"taxonomy":"category","embeddable":true,"href":"https:\/\/agora.xtec.cat\/ceiprossendmontane\/wp-json\/wp\/v2\/categories?post=1728"},{"taxonomy":"post_tag","embeddable":true,"href":"https:\/\/agora.xtec.cat\/ceiprossendmontane\/wp-json\/wp\/v2\/tags?post=1728"}],"curies":[{"name":"wp","href":"https:\/\/api.w.org\/{rel}","templated":true}]}}