{"id":1717,"date":"2025-02-07T08:56:20","date_gmt":"2025-02-07T07:56:20","guid":{"rendered":"https:\/\/agora.xtec.cat\/ceiprossendmontane\/?p=1717"},"modified":"2025-02-07T08:56:33","modified_gmt":"2025-02-07T07:56:33","slug":"descobrint-els-essers-vius-%f0%9f%94%8d","status":"publish","type":"post","link":"https:\/\/agora.xtec.cat\/ceiprossendmontane\/portada\/general\/descobrint-els-essers-vius-%f0%9f%94%8d\/","title":{"rendered":"DESCOBRINT ELS \u00c9SSERS VIUS \ud83d\udd0d"},"content":{"rendered":"<p><img loading=\"lazy\" decoding=\"async\" class=\"aligncenter size-full wp-image-1718\" src=\"https:\/\/agora.xtec.cat\/ceiprossendmontane\/wp-content\/uploads\/usu2330\/2025\/02\/1rpost.png\" alt=\"\" width=\"801\" height=\"606\" srcset=\"https:\/\/agora.xtec.cat\/ceiprossendmontane\/wp-content\/uploads\/usu2330\/2025\/02\/1rpost.png 801w, https:\/\/agora.xtec.cat\/ceiprossendmontane\/wp-content\/uploads\/usu2330\/2025\/02\/1rpost-300x227.png 300w, https:\/\/agora.xtec.cat\/ceiprossendmontane\/wp-content\/uploads\/usu2330\/2025\/02\/1rpost-768x581.png 768w, https:\/\/agora.xtec.cat\/ceiprossendmontane\/wp-content\/uploads\/usu2330\/2025\/02\/1rpost-200x150.png 200w\" sizes=\"auto, (max-width: 801px) 100vw, 801px\" \/><\/p>\n<p><span style=\"font-weight: 400;\">Els nens i nenes de 1r estem d\u2019all\u00f2 m\u00e9s ocupats investigant a fons els \u00e9ssers vius.\ud83d\udc06\ud83d\udc07\ud83d\udc0d\ud83d\udc0b<\/span><\/p>\n<p><span style=\"font-weight: 400;\">Per comen\u00e7ar, hem classificat diferents elements segons si creiem que eren vius o inerts. Amb alguns ho hem tingut clar de seguida, per\u00f2 amb d\u2019altres hem dubtat m\u00e9s. De moment, tenim una planta misteriosa en observaci\u00f3&#8230; Qu\u00e8 passar\u00e0?\ud83e\udd37<\/span><\/p>\n<p><span style=\"font-weight: 400;\">Entre tots i totes tamb\u00e9 hem estat pensant qu\u00e8 fan diferents \u00e9ssers vius, qu\u00e8 agafen del medi, qu\u00e8 treuen&#8230; Tot aix\u00f2 amb el dif\u00edcil objectiu de descobrir qu\u00e8 tenen en com\u00fa tots els \u00e9ssers vius del m\u00f3n! \ud83c\udf0d Tenim molta feina al davant, us continuarem informant!\ud83d\udcaa<\/span><\/p>\n","protected":false},"excerpt":{"rendered":"<p>Els nens i nenes de 1r estem d\u2019all\u00f2 m\u00e9s ocupats investigant a fons els \u00e9ssers vius.\ud83d\udc06\ud83d\udc07\ud83d\udc0d\ud83d\udc0b<br \/>\nPer comen\u00e7ar, hem classificat diferents elements segons si creiem que eren vius o inerts. Amb alguns ho hem tingut clar de seguida, per\u00f2 amb d\u2019altres hem dubtat m\u00e9s. De moment,&hellip;  <a href=\"https:\/\/agora.xtec.cat\/ceiprossendmontane\/portada\/general\/descobrint-els-essers-vius-%f0%9f%94%8d\/\" title=\"Read DESCOBRINT ELS \u00c9SSERS VIUS \ud83d\udd0d\">Llegeix m\u00e9s\u00bb<\/a><\/p>\n","protected":false},"author":1,"featured_media":1718,"comment_status":"open","ping_status":"closed","sticky":false,"template":"","format":"standard","meta":{"_bbp_topic_count":0,"_bbp_reply_count":0,"_bbp_total_topic_count":0,"_bbp_total_reply_count":0,"_bbp_voice_count":0,"_bbp_anonymous_reply_count":0,"_bbp_topic_count_hidden":0,"_bbp_reply_count_hidden":0,"_bbp_forum_subforum_count":0,"footnotes":""},"categories":[10,1,4,5],"tags":[185,186,154,136],"class_list":["post-1717","post","type-post","status-publish","format-standard","has-post-thumbnail","hentry","category-1r","category-general","category-portada","category-primaria","tag-descobrint","tag-essersvius","tag-investiguem","tag-medi"],"post_mailing_queue_ids":[],"_links":{"self":[{"href":"https:\/\/agora.xtec.cat\/ceiprossendmontane\/wp-json\/wp\/v2\/posts\/1717","targetHints":{"allow":["GET"]}}],"collection":[{"href":"https:\/\/agora.xtec.cat\/ceiprossendmontane\/wp-json\/wp\/v2\/posts"}],"about":[{"href":"https:\/\/agora.xtec.cat\/ceiprossendmontane\/wp-json\/wp\/v2\/types\/post"}],"author":[{"embeddable":true,"href":"https:\/\/agora.xtec.cat\/ceiprossendmontane\/wp-json\/wp\/v2\/users\/1"}],"replies":[{"embeddable":true,"href":"https:\/\/agora.xtec.cat\/ceiprossendmontane\/wp-json\/wp\/v2\/comments?post=1717"}],"version-history":[{"count":1,"href":"https:\/\/agora.xtec.cat\/ceiprossendmontane\/wp-json\/wp\/v2\/posts\/1717\/revisions"}],"predecessor-version":[{"id":1719,"href":"https:\/\/agora.xtec.cat\/ceiprossendmontane\/wp-json\/wp\/v2\/posts\/1717\/revisions\/1719"}],"wp:featuredmedia":[{"embeddable":true,"href":"https:\/\/agora.xtec.cat\/ceiprossendmontane\/wp-json\/wp\/v2\/media\/1718"}],"wp:attachment":[{"href":"https:\/\/agora.xtec.cat\/ceiprossendmontane\/wp-json\/wp\/v2\/media?parent=1717"}],"wp:term":[{"taxonomy":"category","embeddable":true,"href":"https:\/\/agora.xtec.cat\/ceiprossendmontane\/wp-json\/wp\/v2\/categories?post=1717"},{"taxonomy":"post_tag","embeddable":true,"href":"https:\/\/agora.xtec.cat\/ceiprossendmontane\/wp-json\/wp\/v2\/tags?post=1717"}],"curies":[{"name":"wp","href":"https:\/\/api.w.org\/{rel}","templated":true}]}}