{"id":1711,"date":"2025-02-06T12:44:13","date_gmt":"2025-02-06T11:44:13","guid":{"rendered":"https:\/\/agora.xtec.cat\/ceiprossendmontane\/?p=1711"},"modified":"2025-02-06T12:44:13","modified_gmt":"2025-02-06T11:44:13","slug":"benvingut-gebre%e2%98%83%ef%b8%8f","status":"publish","type":"post","link":"https:\/\/agora.xtec.cat\/ceiprossendmontane\/portada\/general\/benvingut-gebre%e2%98%83%ef%b8%8f\/","title":{"rendered":"BENVINGUT, GEBRE!\u2603\ufe0f"},"content":{"rendered":"<p><img loading=\"lazy\" decoding=\"async\" class=\"aligncenter size-full wp-image-1712\" src=\"https:\/\/agora.xtec.cat\/ceiprossendmontane\/wp-content\/uploads\/usu2330\/2025\/02\/i3gener.png\" alt=\"\" width=\"791\" height=\"531\" srcset=\"https:\/\/agora.xtec.cat\/ceiprossendmontane\/wp-content\/uploads\/usu2330\/2025\/02\/i3gener.png 791w, https:\/\/agora.xtec.cat\/ceiprossendmontane\/wp-content\/uploads\/usu2330\/2025\/02\/i3gener-300x201.png 300w, https:\/\/agora.xtec.cat\/ceiprossendmontane\/wp-content\/uploads\/usu2330\/2025\/02\/i3gener-768x516.png 768w\" sizes=\"auto, (max-width: 791px) 100vw, 791px\" \/><\/p>\n<p><span style=\"font-weight: 400;\">A la classe del io-io tenim un amic nou!<\/span><\/p>\n<p><span style=\"font-weight: 400;\">Tot va comen\u00e7ar quan vam tornar de les vacances de Nadal i vam comen\u00e7ar a treballar l\u2019hivern\ud83e\udd76. Vam explicar el conte \u201cGebre, el ninot de neu\u201d\u26c4, que parla sobre uns nens i nenes com nosaltres que un bon dia s\u2019aixequen amb els carrers tots nevats i decideixen sortir a jugar amb la neu\u2744\ufe0f. Jugant, jugant se\u2019ls acut fer un ninot de neu i quan li posen una seda blava de barret aquest cobra vida i es passa l\u2019hivern jugant amb ells. Quan arriba la primavera el Gebre \u26c4 es comen\u00e7a a desfer, per\u00f2 els promet que l\u2019hivern seg\u00fcent tornar\u00e0 si guarden la seda blava i li tornen a posar.\u00a0<\/span><\/p>\n<p><span style=\"font-weight: 400;\">L&#8217;endem\u00e0 vam trobar una caixa amb el conte del Gebre a sobre. Hi havia tot el que necessit\u00e0vem per fer un Gebre de veritat: cot\u00f3 fluix, botons pels ulls i la panxa, una bufanda groga, escura pipes per la boca i\u2026 una pastanaga pel nas.\u00a0<\/span><\/p>\n<p><span style=\"font-weight: 400;\">Nom\u00e9s li falta la seda blava al cap, i si quan li posem comen\u00e7a a parlar? \ud83d\ude31\ud83e\udd2d<\/span><\/p>\n<p><span style=\"font-weight: 400;\">Ben aviat ho provarem! \ud83d\ude1c<\/span><\/p>\n","protected":false},"excerpt":{"rendered":"<p>A la classe del io-io tenim un amic nou!<br \/>\nTot va comen\u00e7ar quan vam tornar de les vacances de Nadal i vam comen\u00e7ar a treballar l\u2019hivern\ud83e\udd76. Vam explicar el conte \u201cGebre, el ninot de neu\u201d\u26c4, que parla sobre uns nens i nenes com nosaltres que un&hellip;  <a href=\"https:\/\/agora.xtec.cat\/ceiprossendmontane\/portada\/general\/benvingut-gebre%e2%98%83%ef%b8%8f\/\" title=\"Read BENVINGUT, GEBRE!\u2603\ufe0f\">Llegeix m\u00e9s\u00bb<\/a><\/p>\n","protected":false},"author":1,"featured_media":1712,"comment_status":"open","ping_status":"closed","sticky":false,"template":"","format":"standard","meta":{"_bbp_topic_count":0,"_bbp_reply_count":0,"_bbp_total_topic_count":0,"_bbp_total_reply_count":0,"_bbp_voice_count":0,"_bbp_anonymous_reply_count":0,"_bbp_topic_count_hidden":0,"_bbp_reply_count_hidden":0,"_bbp_forum_subforum_count":0,"footnotes":""},"categories":[1,3,2],"tags":[181,130,138,180,178,77,179],"class_list":["post-1711","post","type-post","status-publish","format-standard","has-post-thumbnail","hentry","category-general","category-i3","category-infantil","tag-amistat","tag-classe","tag-conte","tag-fred","tag-hivern","tag-i3","tag-ninotdeneu"],"post_mailing_queue_ids":[],"_links":{"self":[{"href":"https:\/\/agora.xtec.cat\/ceiprossendmontane\/wp-json\/wp\/v2\/posts\/1711","targetHints":{"allow":["GET"]}}],"collection":[{"href":"https:\/\/agora.xtec.cat\/ceiprossendmontane\/wp-json\/wp\/v2\/posts"}],"about":[{"href":"https:\/\/agora.xtec.cat\/ceiprossendmontane\/wp-json\/wp\/v2\/types\/post"}],"author":[{"embeddable":true,"href":"https:\/\/agora.xtec.cat\/ceiprossendmontane\/wp-json\/wp\/v2\/users\/1"}],"replies":[{"embeddable":true,"href":"https:\/\/agora.xtec.cat\/ceiprossendmontane\/wp-json\/wp\/v2\/comments?post=1711"}],"version-history":[{"count":1,"href":"https:\/\/agora.xtec.cat\/ceiprossendmontane\/wp-json\/wp\/v2\/posts\/1711\/revisions"}],"predecessor-version":[{"id":1713,"href":"https:\/\/agora.xtec.cat\/ceiprossendmontane\/wp-json\/wp\/v2\/posts\/1711\/revisions\/1713"}],"wp:featuredmedia":[{"embeddable":true,"href":"https:\/\/agora.xtec.cat\/ceiprossendmontane\/wp-json\/wp\/v2\/media\/1712"}],"wp:attachment":[{"href":"https:\/\/agora.xtec.cat\/ceiprossendmontane\/wp-json\/wp\/v2\/media?parent=1711"}],"wp:term":[{"taxonomy":"category","embeddable":true,"href":"https:\/\/agora.xtec.cat\/ceiprossendmontane\/wp-json\/wp\/v2\/categories?post=1711"},{"taxonomy":"post_tag","embeddable":true,"href":"https:\/\/agora.xtec.cat\/ceiprossendmontane\/wp-json\/wp\/v2\/tags?post=1711"}],"curies":[{"name":"wp","href":"https:\/\/api.w.org\/{rel}","templated":true}]}}