{"id":1701,"date":"2025-02-05T11:10:32","date_gmt":"2025-02-05T10:10:32","guid":{"rendered":"https:\/\/agora.xtec.cat\/ceiprossendmontane\/?p=1701"},"modified":"2025-02-05T11:16:00","modified_gmt":"2025-02-05T10:16:00","slug":"portes-obertes-a-lescola","status":"publish","type":"post","link":"https:\/\/agora.xtec.cat\/ceiprossendmontane\/portada\/general\/portes-obertes-a-lescola\/","title":{"rendered":"Portes obertes a l&#8217;escola!"},"content":{"rendered":"<p><a href=\"https:\/\/agora.xtec.cat\/ceiprossendmontane\/lescola\/instal%c2%b7lacions\/\"><img loading=\"lazy\" decoding=\"async\" class=\"aligncenter wp-image-1702\" src=\"https:\/\/agora.xtec.cat\/ceiprossendmontane\/wp-content\/uploads\/usu2330\/2025\/02\/Copia-de-Cartell-preinscripcio-1.jpg\" alt=\"\" width=\"638\" height=\"903\" srcset=\"https:\/\/agora.xtec.cat\/ceiprossendmontane\/wp-content\/uploads\/usu2330\/2025\/02\/Copia-de-Cartell-preinscripcio-1.jpg 1414w, https:\/\/agora.xtec.cat\/ceiprossendmontane\/wp-content\/uploads\/usu2330\/2025\/02\/Copia-de-Cartell-preinscripcio-1-212x300.jpg 212w, https:\/\/agora.xtec.cat\/ceiprossendmontane\/wp-content\/uploads\/usu2330\/2025\/02\/Copia-de-Cartell-preinscripcio-1-724x1024.jpg 724w, https:\/\/agora.xtec.cat\/ceiprossendmontane\/wp-content\/uploads\/usu2330\/2025\/02\/Copia-de-Cartell-preinscripcio-1-768x1086.jpg 768w, https:\/\/agora.xtec.cat\/ceiprossendmontane\/wp-content\/uploads\/usu2330\/2025\/02\/Copia-de-Cartell-preinscripcio-1-1086x1536.jpg 1086w\" sizes=\"auto, (max-width: 638px) 100vw, 638px\" \/><\/a><\/p>\n<p>Fam\u00edlies! Aqu\u00ed teniu els tres torns venir a visitar la nostra escola:<\/p>\n<p>Dimarts 18 de febrer a les 9h o a les 12h, i divendres 21 a les 14:30.<\/p>\n<p>Recordeu omplir el <a href=\"https:\/\/docs.google.com\/forms\/d\/e\/1FAIpQLScQnf_JWEhYH77TqhTj-oqK-VqWJ0seybLDiDx6Fju7eBXPTA\/viewform?usp=sharing\">formulari d&#8217;inscripci\u00f3<\/a> que trobareu escanejant el QR, o clicant <a href=\"https:\/\/agora.xtec.cat\/ceiprossendmontane\/lescola\/instal%c2%b7lacions\/\">aqu\u00ed<\/a> o la imatge de la p\u00e0gina inicial de preinscripci\u00f3 que us portar\u00e0 a <a href=\"https:\/\/agora.xtec.cat\/ceiprossendmontane\/lescola\/instal%c2%b7lacions\/\">tota la informaci\u00f3 relacionada amb el proc\u00e9s de preinscripci\u00f3<\/a>.<\/p>\n","protected":false},"excerpt":{"rendered":"<p><a href=\"https:\/\/agora.xtec.cat\/ceiprossendmontane\/lescola\/instal%c2%b7lacions\/\"><\/a><br \/>\nFam\u00edlies! Aqu\u00ed teniu els tres torns venir a visitar la nostra escola:<br \/>\nDimarts 18 de febrer a les 9h o a les 12h, i divendres 21 a les 14:30.<br \/>\nRecordeu omplir el <a href=\"https:\/\/docs.google.com\/forms\/d\/e\/1FAIpQLScQnf_JWEhYH77TqhTj-oqK-VqWJ0seybLDiDx6Fju7eBXPTA\/viewform?usp=sharing\">formulari d&#8217;inscripci\u00f3<\/a> que trobareu escanejant el QR, o clicant <a href=\"https:\/\/agora.xtec.cat\/ceiprossendmontane\/lescola\/instal%c2%b7lacions\/\">aqu\u00ed<\/a> o la&hellip;  <a href=\"https:\/\/agora.xtec.cat\/ceiprossendmontane\/portada\/general\/portes-obertes-a-lescola\/\" title=\"Read Portes obertes a l&#8217;escola!\">Llegeix m\u00e9s\u00bb<\/a><\/p>\n","protected":false},"author":1,"featured_media":1702,"comment_status":"closed","ping_status":"closed","sticky":false,"template":"","format":"standard","meta":{"_bbp_topic_count":0,"_bbp_reply_count":0,"_bbp_total_topic_count":0,"_bbp_total_reply_count":0,"_bbp_voice_count":0,"_bbp_anonymous_reply_count":0,"_bbp_topic_count_hidden":0,"_bbp_reply_count_hidden":0,"_bbp_forum_subforum_count":0,"footnotes":""},"categories":[1],"tags":[177,176],"class_list":["post-1701","post","type-post","status-publish","format-standard","has-post-thumbnail","hentry","category-general","tag-portes-obertes","tag-preinscripcio"],"post_mailing_queue_ids":[],"_links":{"self":[{"href":"https:\/\/agora.xtec.cat\/ceiprossendmontane\/wp-json\/wp\/v2\/posts\/1701","targetHints":{"allow":["GET"]}}],"collection":[{"href":"https:\/\/agora.xtec.cat\/ceiprossendmontane\/wp-json\/wp\/v2\/posts"}],"about":[{"href":"https:\/\/agora.xtec.cat\/ceiprossendmontane\/wp-json\/wp\/v2\/types\/post"}],"author":[{"embeddable":true,"href":"https:\/\/agora.xtec.cat\/ceiprossendmontane\/wp-json\/wp\/v2\/users\/1"}],"replies":[{"embeddable":true,"href":"https:\/\/agora.xtec.cat\/ceiprossendmontane\/wp-json\/wp\/v2\/comments?post=1701"}],"version-history":[{"count":5,"href":"https:\/\/agora.xtec.cat\/ceiprossendmontane\/wp-json\/wp\/v2\/posts\/1701\/revisions"}],"predecessor-version":[{"id":1710,"href":"https:\/\/agora.xtec.cat\/ceiprossendmontane\/wp-json\/wp\/v2\/posts\/1701\/revisions\/1710"}],"wp:featuredmedia":[{"embeddable":true,"href":"https:\/\/agora.xtec.cat\/ceiprossendmontane\/wp-json\/wp\/v2\/media\/1702"}],"wp:attachment":[{"href":"https:\/\/agora.xtec.cat\/ceiprossendmontane\/wp-json\/wp\/v2\/media?parent=1701"}],"wp:term":[{"taxonomy":"category","embeddable":true,"href":"https:\/\/agora.xtec.cat\/ceiprossendmontane\/wp-json\/wp\/v2\/categories?post=1701"},{"taxonomy":"post_tag","embeddable":true,"href":"https:\/\/agora.xtec.cat\/ceiprossendmontane\/wp-json\/wp\/v2\/tags?post=1701"}],"curies":[{"name":"wp","href":"https:\/\/api.w.org\/{rel}","templated":true}]}}