{"id":1682,"date":"2024-12-13T08:55:38","date_gmt":"2024-12-13T07:55:38","guid":{"rendered":"https:\/\/agora.xtec.cat\/ceiprossendmontane\/?p=1682"},"modified":"2024-12-13T08:55:38","modified_gmt":"2024-12-13T07:55:38","slug":"el-tio-ja-ha-arribat%f0%9f%a4%a9","status":"publish","type":"post","link":"https:\/\/agora.xtec.cat\/ceiprossendmontane\/portada\/general\/el-tio-ja-ha-arribat%f0%9f%a4%a9\/","title":{"rendered":"El Ti\u00f3 ja ha arribat!!!\ud83e\udd29"},"content":{"rendered":"<p><img loading=\"lazy\" decoding=\"async\" class=\"aligncenter size-full wp-image-1683\" src=\"https:\/\/agora.xtec.cat\/ceiprossendmontane\/wp-content\/uploads\/usu2330\/2024\/12\/tio.png\" alt=\"\" width=\"890\" height=\"466\" srcset=\"https:\/\/agora.xtec.cat\/ceiprossendmontane\/wp-content\/uploads\/usu2330\/2024\/12\/tio.png 890w, https:\/\/agora.xtec.cat\/ceiprossendmontane\/wp-content\/uploads\/usu2330\/2024\/12\/tio-300x157.png 300w, https:\/\/agora.xtec.cat\/ceiprossendmontane\/wp-content\/uploads\/usu2330\/2024\/12\/tio-768x402.png 768w\" sizes=\"auto, (max-width: 890px) 100vw, 890px\" \/><\/p>\n<p>Els alumnes de l\u2019equip de Petits i Mitjans hem fet una sortida per l\u2019entorn. \ud83c\udf33\ud83c\udf42\u2744\ufe0f<\/p>\n<p>Els ADF d\u2019Ol\u00e8rdola han vingut a l\u2019escola a comunicar-nos que han trobat indicis que el ti\u00f3 \u00e9s a prop: una manta, una barretina, pell de mandarina, i fins i tot un pl\u00e0nol \ud83d\uddfa\ufe0f del ti\u00f3 indicant on es troba, dient que necessita que l\u2019anem a buscar!<\/p>\n<p>Dit i fet, ens hem posat els abrics i hem sortit a la recerca del ti\u00f3!\ud83d\udd0e<\/p>\n<p>N\u2019hem trobat 3. Ara ja els tenim a l\u2019escola, ben abrigats i alimentats \ud83c\udf4a\ud83c\udf4c, esperant el dia que el farem cagar. Quina il\u00b7lusi\u00f3!<\/p>\n","protected":false},"excerpt":{"rendered":"<p>Els alumnes de l\u2019equip de Petits i Mitjans hem fet una sortida per l\u2019entorn. \ud83c\udf33\ud83c\udf42\u2744\ufe0f<br \/>\nEls ADF d\u2019Ol\u00e8rdola han vingut a l\u2019escola a comunicar-nos que han trobat indicis que el ti\u00f3 \u00e9s a prop: una manta, una barretina, pell de mandarina, i fins i tot un&hellip;  <a href=\"https:\/\/agora.xtec.cat\/ceiprossendmontane\/portada\/general\/el-tio-ja-ha-arribat%f0%9f%a4%a9\/\" title=\"Read El Ti\u00f3 ja ha arribat!!!\ud83e\udd29\">Llegeix m\u00e9s\u00bb<\/a><\/p>\n","protected":false},"author":1,"featured_media":1683,"comment_status":"open","ping_status":"closed","sticky":false,"template":"","format":"standard","meta":{"_bbp_topic_count":0,"_bbp_reply_count":0,"_bbp_total_topic_count":0,"_bbp_total_reply_count":0,"_bbp_voice_count":0,"_bbp_anonymous_reply_count":0,"_bbp_topic_count_hidden":0,"_bbp_reply_count_hidden":0,"_bbp_forum_subforum_count":0,"footnotes":""},"categories":[10,11,12,1,3,8,9,2,4,5],"tags":[169,82,170,71,98,168],"class_list":["post-1682","post","type-post","status-publish","format-standard","has-post-thumbnail","hentry","category-1r","category-2n","category-3r","category-general","category-i3","category-i4","category-i5","category-infantil","category-portada","category-primaria","tag-cantem","tag-contes","tag-felicitat","tag-festes","tag-nadal","tag-tio"],"post_mailing_queue_ids":[],"_links":{"self":[{"href":"https:\/\/agora.xtec.cat\/ceiprossendmontane\/wp-json\/wp\/v2\/posts\/1682","targetHints":{"allow":["GET"]}}],"collection":[{"href":"https:\/\/agora.xtec.cat\/ceiprossendmontane\/wp-json\/wp\/v2\/posts"}],"about":[{"href":"https:\/\/agora.xtec.cat\/ceiprossendmontane\/wp-json\/wp\/v2\/types\/post"}],"author":[{"embeddable":true,"href":"https:\/\/agora.xtec.cat\/ceiprossendmontane\/wp-json\/wp\/v2\/users\/1"}],"replies":[{"embeddable":true,"href":"https:\/\/agora.xtec.cat\/ceiprossendmontane\/wp-json\/wp\/v2\/comments?post=1682"}],"version-history":[{"count":1,"href":"https:\/\/agora.xtec.cat\/ceiprossendmontane\/wp-json\/wp\/v2\/posts\/1682\/revisions"}],"predecessor-version":[{"id":1684,"href":"https:\/\/agora.xtec.cat\/ceiprossendmontane\/wp-json\/wp\/v2\/posts\/1682\/revisions\/1684"}],"wp:featuredmedia":[{"embeddable":true,"href":"https:\/\/agora.xtec.cat\/ceiprossendmontane\/wp-json\/wp\/v2\/media\/1683"}],"wp:attachment":[{"href":"https:\/\/agora.xtec.cat\/ceiprossendmontane\/wp-json\/wp\/v2\/media?parent=1682"}],"wp:term":[{"taxonomy":"category","embeddable":true,"href":"https:\/\/agora.xtec.cat\/ceiprossendmontane\/wp-json\/wp\/v2\/categories?post=1682"},{"taxonomy":"post_tag","embeddable":true,"href":"https:\/\/agora.xtec.cat\/ceiprossendmontane\/wp-json\/wp\/v2\/tags?post=1682"}],"curies":[{"name":"wp","href":"https:\/\/api.w.org\/{rel}","templated":true}]}}