{"id":1656,"date":"2024-11-25T14:55:52","date_gmt":"2024-11-25T13:55:52","guid":{"rendered":"https:\/\/agora.xtec.cat\/ceiprossendmontane\/?p=1656"},"modified":"2024-11-25T14:57:22","modified_gmt":"2024-11-25T13:57:22","slug":"entrevistem-a-lalcaldessa","status":"publish","type":"post","link":"https:\/\/agora.xtec.cat\/ceiprossendmontane\/primaria\/entrevistem-a-lalcaldessa\/","title":{"rendered":"ENTREVISTEM A L&#8217;ALCALDESSA\ud83c\udf99\ufe0f"},"content":{"rendered":"<p><img loading=\"lazy\" decoding=\"async\" class=\"aligncenter size-full wp-image-1657\" src=\"https:\/\/agora.xtec.cat\/ceiprossendmontane\/wp-content\/uploads\/usu2330\/2024\/11\/6E.png\" alt=\"\" width=\"804\" height=\"444\" srcset=\"https:\/\/agora.xtec.cat\/ceiprossendmontane\/wp-content\/uploads\/usu2330\/2024\/11\/6E.png 804w, https:\/\/agora.xtec.cat\/ceiprossendmontane\/wp-content\/uploads\/usu2330\/2024\/11\/6E-300x166.png 300w, https:\/\/agora.xtec.cat\/ceiprossendmontane\/wp-content\/uploads\/usu2330\/2024\/11\/6E-768x424.png 768w\" sizes=\"auto, (max-width: 804px) 100vw, 804px\" \/><\/p>\n<p><span style=\"font-weight: 400;\">El passat dia 18 de novembre la classe de 6\u00e8 vam fer una entrevista\ud83c\udf99\ufe0f\u00a0a la Fina Mascar\u00f3, l\u2019actual alcaldessa d\u2019Ol\u00e8rdola. Donat que 6\u00e8 som la classe de l&#8217;Ajuntament, <\/span><span style=\"font-weight: 400;\">vam voler fer una entrevista a la batllessa per tal de tenir una perspectiva femenina a la pol\u00edtica. Hem apr\u00e8s moltes coses sobre les institucions i les organitzacions pol\u00edtiques i territorials.<\/span><\/p>\n<p><span style=\"font-weight: 400;\">Vam passar una molt bona estona, ja que l\u2019alcaldessa ens va contestar totes les preguntes que hav\u00edem preparat. Per\u00f2 calma\u2026 tenim aquesta entrevista i moltes sorpreses m\u00e9s en el tinter a punt de sortir!\ud83d\udd0f<\/span><\/p>\n","protected":false},"excerpt":{"rendered":"<p>El passat dia 18 de novembre la classe de 6\u00e8 vam fer una entrevista\ud83c\udf99\ufe0f\u00a0a la Fina Mascar\u00f3, l\u2019actual alcaldessa d\u2019Ol\u00e8rdola. Donat que 6\u00e8 som la classe de l&#8217;Ajuntament, vam voler fer una entrevista a la batllessa per tal de tenir una perspectiva femenina a la&hellip;  <a href=\"https:\/\/agora.xtec.cat\/ceiprossendmontane\/primaria\/entrevistem-a-lalcaldessa\/\" title=\"Read ENTREVISTEM A L&#8217;ALCALDESSA\ud83c\udf99\ufe0f\">Llegeix m\u00e9s\u00bb<\/a><\/p>\n","protected":false},"author":1,"featured_media":1657,"comment_status":"open","ping_status":"closed","sticky":false,"template":"","format":"standard","meta":{"_bbp_topic_count":0,"_bbp_reply_count":0,"_bbp_total_topic_count":0,"_bbp_total_reply_count":0,"_bbp_voice_count":0,"_bbp_anonymous_reply_count":0,"_bbp_topic_count_hidden":0,"_bbp_reply_count_hidden":0,"_bbp_forum_subforum_count":0,"footnotes":""},"categories":[15,5],"tags":[151,152,153,154,150,132],"class_list":["post-1656","post","type-post","status-publish","format-standard","has-post-thumbnail","hentry","category-6e","category-primaria","tag-ajuntament","tag-alcaldessa","tag-entrevista","tag-investiguem","tag-nomdelaclasse","tag-visita"],"post_mailing_queue_ids":[],"_links":{"self":[{"href":"https:\/\/agora.xtec.cat\/ceiprossendmontane\/wp-json\/wp\/v2\/posts\/1656","targetHints":{"allow":["GET"]}}],"collection":[{"href":"https:\/\/agora.xtec.cat\/ceiprossendmontane\/wp-json\/wp\/v2\/posts"}],"about":[{"href":"https:\/\/agora.xtec.cat\/ceiprossendmontane\/wp-json\/wp\/v2\/types\/post"}],"author":[{"embeddable":true,"href":"https:\/\/agora.xtec.cat\/ceiprossendmontane\/wp-json\/wp\/v2\/users\/1"}],"replies":[{"embeddable":true,"href":"https:\/\/agora.xtec.cat\/ceiprossendmontane\/wp-json\/wp\/v2\/comments?post=1656"}],"version-history":[{"count":4,"href":"https:\/\/agora.xtec.cat\/ceiprossendmontane\/wp-json\/wp\/v2\/posts\/1656\/revisions"}],"predecessor-version":[{"id":1660,"href":"https:\/\/agora.xtec.cat\/ceiprossendmontane\/wp-json\/wp\/v2\/posts\/1656\/revisions\/1660"}],"wp:featuredmedia":[{"embeddable":true,"href":"https:\/\/agora.xtec.cat\/ceiprossendmontane\/wp-json\/wp\/v2\/media\/1657"}],"wp:attachment":[{"href":"https:\/\/agora.xtec.cat\/ceiprossendmontane\/wp-json\/wp\/v2\/media?parent=1656"}],"wp:term":[{"taxonomy":"category","embeddable":true,"href":"https:\/\/agora.xtec.cat\/ceiprossendmontane\/wp-json\/wp\/v2\/categories?post=1656"},{"taxonomy":"post_tag","embeddable":true,"href":"https:\/\/agora.xtec.cat\/ceiprossendmontane\/wp-json\/wp\/v2\/tags?post=1656"}],"curies":[{"name":"wp","href":"https:\/\/api.w.org\/{rel}","templated":true}]}}