{"id":1645,"date":"2024-10-31T12:50:02","date_gmt":"2024-10-31T11:50:02","guid":{"rendered":"https:\/\/agora.xtec.cat\/ceiprossendmontane\/?p=1645"},"modified":"2024-10-31T12:56:18","modified_gmt":"2024-10-31T11:56:18","slug":"sortida-rossend-montane-2","status":"publish","type":"post","link":"https:\/\/agora.xtec.cat\/ceiprossendmontane\/portada\/general\/sortida-rossend-montane-2\/","title":{"rendered":"SORTIDA ROSSEND MONTAN\u00c9"},"content":{"rendered":"<p><img loading=\"lazy\" decoding=\"async\" class=\"aligncenter size-full wp-image-1649\" src=\"https:\/\/agora.xtec.cat\/ceiprossendmontane\/wp-content\/uploads\/usu2330\/2024\/10\/post-de-instagram-decoracion-moderno-simple-beige-1-1.png\" alt=\"\" width=\"1080\" height=\"1080\" srcset=\"https:\/\/agora.xtec.cat\/ceiprossendmontane\/wp-content\/uploads\/usu2330\/2024\/10\/post-de-instagram-decoracion-moderno-simple-beige-1-1.png 1080w, https:\/\/agora.xtec.cat\/ceiprossendmontane\/wp-content\/uploads\/usu2330\/2024\/10\/post-de-instagram-decoracion-moderno-simple-beige-1-1-300x300.png 300w, https:\/\/agora.xtec.cat\/ceiprossendmontane\/wp-content\/uploads\/usu2330\/2024\/10\/post-de-instagram-decoracion-moderno-simple-beige-1-1-1024x1024.png 1024w, https:\/\/agora.xtec.cat\/ceiprossendmontane\/wp-content\/uploads\/usu2330\/2024\/10\/post-de-instagram-decoracion-moderno-simple-beige-1-1-150x150.png 150w, https:\/\/agora.xtec.cat\/ceiprossendmontane\/wp-content\/uploads\/usu2330\/2024\/10\/post-de-instagram-decoracion-moderno-simple-beige-1-1-768x768.png 768w\" sizes=\"auto, (max-width: 1080px) 100vw, 1080px\" \/><\/p>\n<p>Un curs m\u00e9s, hem celebrat la Sortida Rossend Montan\u00e9 per saber m\u00e9s de la hist\u00f2ria de la persona que posa nom a la nostra escola i per con\u00e8ixer l&#8217;entorn del nostre municipi.<\/p>\n<p>Enguany, la sortida ha consistit en tres activitats:<\/p>\n<ol>\n<li>Hem conegut la masia on va cr\u00e9ixer el Rossend i la casa on va viure un cop casat. Ens va rebre la seva fam\u00edlia i ens van explicar moltes coses i vam poder veure un menjador que \u00e9s un aut\u00e8ntic museu d&#8217;eines de camp i altres objectes antics.<\/li>\n<\/ol>\n<p>2. Hem fet un tour amb bus pels diversos nuclis del municipi: Sant Pere Molanta, Can Trabal, Sant Miquel, Moja i Daltmar.<\/p>\n<p>3. Hem dinat al Castell d&#8217;Ol\u00e8rdola tot explorant el seu entorn.<\/p>\n<p>A m\u00e9s, l&#8217;equip de mitjans i grans vam tenir la sort que ens obrissin la capella de Sant Sepulcre. Vam entrar-hi, vam veure les pintures que s&#8217;hi han descobert fa unes d\u00e8cades i vam descobrir algunes an\u00e8cdotes que han passat durant els 1000 anys d&#8217;hist\u00f2ria que t\u00e9. Despr\u00e9s hem caminat pels corriols i camins del nostre entorn. L&#8217;equip gran va arribar caminant fins al Castell!<\/p>\n<p>Considerem que la sortida va ser un \u00e8xit i aquest any, per fi, hem tingut sort amb el temps!<\/p>\n<p>&nbsp;<\/p>\n","protected":false},"excerpt":{"rendered":"<p>Un curs m\u00e9s, hem celebrat la Sortida Rossend Montan\u00e9 per saber m\u00e9s de la hist\u00f2ria de la persona que posa nom a la nostra escola i per con\u00e8ixer l&#8217;entorn del nostre municipi.<br \/>\nEnguany, la sortida ha consistit en tres activitats:<\/p>\n<ol>\n<li>Hem conegut la masia on va cr\u00e9ixer&hellip;  <a href=\"https:\/\/agora.xtec.cat\/ceiprossendmontane\/portada\/general\/sortida-rossend-montane-2\/\" title=\"Read SORTIDA ROSSEND MONTAN\u00c9\">Llegeix m\u00e9s\u00bb<\/a><br \/>\n","protected":false},"author":1,"featured_media":1647,"comment_status":"closed","ping_status":"closed","sticky":false,"template":"","format":"standard","meta":{"_bbp_topic_count":0,"_bbp_reply_count":0,"_bbp_total_topic_count":0,"_bbp_total_reply_count":0,"_bbp_voice_count":0,"_bbp_anonymous_reply_count":0,"_bbp_topic_count_hidden":0,"_bbp_reply_count_hidden":0,"_bbp_forum_subforum_count":0,"footnotes":""},"categories":[10,11,12,13,14,15,1,3,8,9,2,4,5],"tags":[144,142,143,81,145,141],"class_list":["post-1645","post","type-post","status-publish","format-standard","has-post-thumbnail","hentry","category-1r","category-2n","category-3r","category-4t","category-5e","category-6e","category-general","category-i3","category-i4","category-i5","category-infantil","category-portada","category-primaria","tag-castell-dolerdola","tag-entorn","tag-municipi","tag-rossend-montane","tag-sant-sepulcre","tag-sortida-rossend-montane"],"post_mailing_queue_ids":[],"_links":{"self":[{"href":"https:\/\/agora.xtec.cat\/ceiprossendmontane\/wp-json\/wp\/v2\/posts\/1645","targetHints":{"allow":["GET"]}}],"collection":[{"href":"https:\/\/agora.xtec.cat\/ceiprossendmontane\/wp-json\/wp\/v2\/posts"}],"about":[{"href":"https:\/\/agora.xtec.cat\/ceiprossendmontane\/wp-json\/wp\/v2\/types\/post"}],"author":[{"embeddable":true,"href":"https:\/\/agora.xtec.cat\/ceiprossendmontane\/wp-json\/wp\/v2\/users\/1"}],"replies":[{"embeddable":true,"href":"https:\/\/agora.xtec.cat\/ceiprossendmontane\/wp-json\/wp\/v2\/comments?post=1645"}],"version-history":[{"count":3,"href":"https:\/\/agora.xtec.cat\/ceiprossendmontane\/wp-json\/wp\/v2\/posts\/1645\/revisions"}],"predecessor-version":[{"id":1650,"href":"https:\/\/agora.xtec.cat\/ceiprossendmontane\/wp-json\/wp\/v2\/posts\/1645\/revisions\/1650"}],"wp:featuredmedia":[{"embeddable":true,"href":"https:\/\/agora.xtec.cat\/ceiprossendmontane\/wp-json\/wp\/v2\/media\/1647"}],"wp:attachment":[{"href":"https:\/\/agora.xtec.cat\/ceiprossendmontane\/wp-json\/wp\/v2\/media?parent=1645"}],"wp:term":[{"taxonomy":"category","embeddable":true,"href":"https:\/\/agora.xtec.cat\/ceiprossendmontane\/wp-json\/wp\/v2\/categories?post=1645"},{"taxonomy":"post_tag","embeddable":true,"href":"https:\/\/agora.xtec.cat\/ceiprossendmontane\/wp-json\/wp\/v2\/tags?post=1645"}],"curies":[{"name":"wp","href":"https:\/\/api.w.org\/{rel}","templated":true}]}}