{"id":1632,"date":"2024-10-30T10:42:28","date_gmt":"2024-10-30T09:42:28","guid":{"rendered":"https:\/\/agora.xtec.cat\/ceiprossendmontane\/?p=1632"},"modified":"2024-10-30T10:42:28","modified_gmt":"2024-10-30T09:42:28","slug":"la-classe-de-la-festa-major","status":"publish","type":"post","link":"https:\/\/agora.xtec.cat\/ceiprossendmontane\/primaria\/la-classe-de-la-festa-major\/","title":{"rendered":"La classe de la Festa Major!"},"content":{"rendered":"<p><span style=\"font-weight: 400;\">La classe de 2n hem rebut una visita molt interessant. L\u2019\u00c0ngels Vinyals ens ha explicat coses molt interessants de la Festa Major! Hem descobert que els balls de panderetes, de pastorets i de capgrossos van comen\u00e7ar fa uns anys a l\u2019escola quan van fer un taller de balls populars. A m\u00e9s, ens ha explicat que els alumnes de l\u2019escola van poder fer el seu capgr\u00f2s i que durant un temps van ser la colla m\u00e9s nombrosa de tota Catalunya.\u00a0<\/span><\/p>\n<p><span style=\"font-weight: 400;\">Gr\u00e0cies a ella hem apr\u00e8s qui organitza la Festa Major, quin any es van crear els gegants i quins balls hi ha al poble! Amb aquesta informaci\u00f3 continu\u00e0rem la nostra recerca sobre com era la Festa Major fa 50 anys i com \u00e9s ara!<\/span><\/p>\n","protected":false},"excerpt":{"rendered":"<p>La classe de 2n hem rebut una visita molt interessant. L\u2019\u00c0ngels Vinyals ens ha explicat coses molt interessants de la Festa Major! Hem descobert que els balls de panderetes, de pastorets i de capgrossos van comen\u00e7ar fa uns anys a l\u2019escola quan van fer un&hellip;  <a href=\"https:\/\/agora.xtec.cat\/ceiprossendmontane\/primaria\/la-classe-de-la-festa-major\/\" title=\"Read La classe de la Festa Major!\">Llegeix m\u00e9s\u00bb<\/a><\/p>\n","protected":false},"author":1,"featured_media":1635,"comment_status":"open","ping_status":"closed","sticky":false,"template":"","format":"standard","meta":{"_bbp_topic_count":0,"_bbp_reply_count":0,"_bbp_total_topic_count":0,"_bbp_total_reply_count":0,"_bbp_voice_count":0,"_bbp_anonymous_reply_count":0,"_bbp_topic_count_hidden":0,"_bbp_reply_count_hidden":0,"_bbp_forum_subforum_count":0,"footnotes":""},"categories":[11,5],"tags":[130,131,133,132],"class_list":["post-1632","post","type-post","status-publish","format-standard","has-post-thumbnail","hentry","category-2n","category-primaria","tag-classe","tag-festamajor","tag-projecte","tag-visita"],"post_mailing_queue_ids":[],"_links":{"self":[{"href":"https:\/\/agora.xtec.cat\/ceiprossendmontane\/wp-json\/wp\/v2\/posts\/1632","targetHints":{"allow":["GET"]}}],"collection":[{"href":"https:\/\/agora.xtec.cat\/ceiprossendmontane\/wp-json\/wp\/v2\/posts"}],"about":[{"href":"https:\/\/agora.xtec.cat\/ceiprossendmontane\/wp-json\/wp\/v2\/types\/post"}],"author":[{"embeddable":true,"href":"https:\/\/agora.xtec.cat\/ceiprossendmontane\/wp-json\/wp\/v2\/users\/1"}],"replies":[{"embeddable":true,"href":"https:\/\/agora.xtec.cat\/ceiprossendmontane\/wp-json\/wp\/v2\/comments?post=1632"}],"version-history":[{"count":1,"href":"https:\/\/agora.xtec.cat\/ceiprossendmontane\/wp-json\/wp\/v2\/posts\/1632\/revisions"}],"predecessor-version":[{"id":1633,"href":"https:\/\/agora.xtec.cat\/ceiprossendmontane\/wp-json\/wp\/v2\/posts\/1632\/revisions\/1633"}],"wp:featuredmedia":[{"embeddable":true,"href":"https:\/\/agora.xtec.cat\/ceiprossendmontane\/wp-json\/wp\/v2\/media\/1635"}],"wp:attachment":[{"href":"https:\/\/agora.xtec.cat\/ceiprossendmontane\/wp-json\/wp\/v2\/media?parent=1632"}],"wp:term":[{"taxonomy":"category","embeddable":true,"href":"https:\/\/agora.xtec.cat\/ceiprossendmontane\/wp-json\/wp\/v2\/categories?post=1632"},{"taxonomy":"post_tag","embeddable":true,"href":"https:\/\/agora.xtec.cat\/ceiprossendmontane\/wp-json\/wp\/v2\/tags?post=1632"}],"curies":[{"name":"wp","href":"https:\/\/api.w.org\/{rel}","templated":true}]}}